{"id":16276,"date":"2021-07-09T10:39:00","date_gmt":"2021-07-09T15:39:00","guid":{"rendered":"https:\/\/encuentroinformativo.com.mx\/?p=16276"},"modified":"2021-07-09T10:39:04","modified_gmt":"2021-07-09T15:39:04","slug":"reanudan-vacunas-para-poblacion-infantil","status":"publish","type":"post","link":"https:\/\/encuentroinformativo.com.mx\/?p=16276","title":{"rendered":"Reanudan vacunas para poblaci\u00f3n infantil"},"content":{"rendered":"\n<p><strong>Alejandro \u00c1vila<\/strong><\/p>\n\n\n\n<p>Boca del R\u00edo, Ver. \u2013 El m\u00f3dulo instalado sobre la avenida Espa\u00f1a justo a la altura del estadio de futbol Luis \u201cPirata\u201d Fuente, y que fue colocado por la Secretar\u00eda de Salud; comenz\u00f3 a dar a partir de este jueves, atenci\u00f3n a ni\u00f1os de la zona conurbada Veracruz \u2013 Boca del R\u00edo.<\/p>\n\n\n\n<p>Con ellos, se busca realizar una intensa Jornada Integral Itinerante de Recuperaci\u00f3n de Servicios No COVID; esto con la finalidad de acercar los servicios preventivos de salud a la poblaci\u00f3n de Veracruz y Boca del R\u00edo.<\/p>\n\n\n\n<p>Se especific\u00f3 que los servicios que ofrece el m\u00f3dulo instalado en el fraccionamiento Virginia del municipio de Boca del R\u00edo, es la aplicaci\u00f3n de la vacuna Triple Viral SRP y Doble Viral SR a menores de 5 a\u00f1os de edad.<\/p>\n\n\n\n<p>La Coordinaci\u00f3n de Vacunaci\u00f3n Universal inform\u00f3 que en esta Jornada de Salud se tiene una meta de aplicaci\u00f3n de 41 mil 870 dosis de las vacunas SRP y SR para proteger a los infantes contra Sarampi\u00f3n, Rub\u00e9ola y Parotiditis.<\/p>\n\n\n\n<p>Cabe destacar que esta jornada de salud se desarrollar\u00e1 del 8 al 11 de junio; donde adem\u00e1s se brindar\u00e1n los servicios de consulta m\u00e9dica general, pruebas r\u00e1pidas de VIH SIDA, detecci\u00f3n de glucosa, exploraci\u00f3n de c\u00e1ncer de mama y Papanicolau.<\/p>\n\n\n\n<p>Finalmente, se agreg\u00f3 la instalaci\u00f3n del m\u00f3dulo de vacunaci\u00f3n antirr\u00e1bica canina. El horario de atenci\u00f3n es de 8 de la ma\u00f1ana a las 3 de la tarde.<\/p>\n","protected":false},"excerpt":{"rendered":"<p>Alejandro \u00c1vila Boca del R\u00edo, Ver. \u2013 El m\u00f3dulo instalado sobre la avenida Espa\u00f1a justo a la altura del estadio de futbol Luis \u201cPirata\u201d Fuente, y que fue colocado por la Secretar\u00eda de Salud; comenz\u00f3 a dar a partir de este jueves, atenci\u00f3n a ni\u00f1os de la zona conurbada Veracruz \u2013 Boca del R\u00edo. Con [&hellip;]<\/p>\n","protected":false},"author":1,"featured_media":16277,"comment_status":"open","ping_status":"open","sticky":false,"template":"","format":"standard","meta":{"_jetpack_memberships_contains_paid_content":false,"footnotes":""},"categories":[9],"tags":[],"class_list":["post-16276","post","type-post","status-publish","format-standard","has-post-thumbnail","hentry","category-salud"],"jetpack_featured_media_url":"https:\/\/encuentroinformativo.com.mx\/wp-content\/uploads\/2021\/07\/FB7C4246-0969-4443-85CA-6EB376D5DA93.jpeg","jetpack_sharing_enabled":true,"jetpack_likes_enabled":true,"amp_enabled":true,"_links":{"self":[{"href":"https:\/\/encuentroinformativo.com.mx\/index.php?rest_route=\/wp\/v2\/posts\/16276","targetHints":{"allow":["GET"]}}],"collection":[{"href":"https:\/\/encuentroinformativo.com.mx\/index.php?rest_route=\/wp\/v2\/posts"}],"about":[{"href":"https:\/\/encuentroinformativo.com.mx\/index.php?rest_route=\/wp\/v2\/types\/post"}],"author":[{"embeddable":true,"href":"https:\/\/encuentroinformativo.com.mx\/index.php?rest_route=\/wp\/v2\/users\/1"}],"replies":[{"embeddable":true,"href":"https:\/\/encuentroinformativo.com.mx\/index.php?rest_route=%2Fwp%2Fv2%2Fcomments&post=16276"}],"version-history":[{"count":1,"href":"https:\/\/encuentroinformativo.com.mx\/index.php?rest_route=\/wp\/v2\/posts\/16276\/revisions"}],"predecessor-version":[{"id":16278,"href":"https:\/\/encuentroinformativo.com.mx\/index.php?rest_route=\/wp\/v2\/posts\/16276\/revisions\/16278"}],"wp:featuredmedia":[{"embeddable":true,"href":"https:\/\/encuentroinformativo.com.mx\/index.php?rest_route=\/wp\/v2\/media\/16277"}],"wp:attachment":[{"href":"https:\/\/encuentroinformativo.com.mx\/index.php?rest_route=%2Fwp%2Fv2%2Fmedia&parent=16276"}],"wp:term":[{"taxonomy":"category","embeddable":true,"href":"https:\/\/encuentroinformativo.com.mx\/index.php?rest_route=%2Fwp%2Fv2%2Fcategories&post=16276"},{"taxonomy":"post_tag","embeddable":true,"href":"https:\/\/encuentroinformativo.com.mx\/index.php?rest_route=%2Fwp%2Fv2%2Ftags&post=16276"}],"curies":[{"name":"wp","href":"https:\/\/api.w.org\/{rel}","templated":true}]}}