{"id":16283,"date":"2021-07-09T12:08:51","date_gmt":"2021-07-09T17:08:51","guid":{"rendered":"https:\/\/encuentroinformativo.com.mx\/?p=16283"},"modified":"2021-07-09T12:08:55","modified_gmt":"2021-07-09T17:08:55","slug":"desinfectan-unidades-del-transporte-publico","status":"publish","type":"post","link":"https:\/\/encuentroinformativo.com.mx\/?p=16283","title":{"rendered":"Desinfectan unidades del transporte p\u00fablico"},"content":{"rendered":"\n<p><strong>Dar\u00edo Pale<\/strong><\/p>\n\n\n\n<p>Xalapa, Ver.- Elementos de la delegaci\u00f3n de Transporte P\u00fablico delegaci\u00f3n Xalapa lleva a cabo la desinfecci\u00f3n de unidades de transporte p\u00fablico en la modalidad de taxi y servicio urbano para evitar contagios de COVID-19.<\/p>\n\n\n\n<p>Debido a que la capital del estado se encuentra en color rojo en el sem\u00e1foro epidemiol\u00f3gico personal de la delegaci\u00f3n de transporte p\u00fablico lleva a cabo operativos de revisi\u00f3n y desinfecci\u00f3n de unidades de transporte p\u00fablico en diferentes puntos de la capital del estado, en esta ocasi\u00f3n fue en la colonia 21 de marzo a la salida de la capital.<\/p>\n\n\n\n<p>Durante el operativo revisan que los conductores de las diferentes unidades utilicen de forma correcta el cubrebocas, donde los operadores del servicio urbano ya la mayor\u00eda lo est\u00e1 haciendo, pero en la modalidad de taxi son un poco m\u00e1s dados a no utilizarlo, para lo cual les est\u00e1n haciendo ver que es obligatorio ya que de lo contrario pueden ser infraccionados.<\/p>\n\n\n\n<p>A los pasajeros de las unidades de transporte p\u00fablico se les est\u00e1 obsequiando gel antibacterial y se les invita a que sigan haciendo uso correcto del cubrebocas para evitar m\u00e1s contagios ya que en Xalapa el sem\u00e1foro epidemiol\u00f3gico se encuentra en color rojo.<\/p>\n","protected":false},"excerpt":{"rendered":"<p>Dar\u00edo Pale Xalapa, Ver.- Elementos de la delegaci\u00f3n de Transporte P\u00fablico delegaci\u00f3n Xalapa lleva a cabo la desinfecci\u00f3n de unidades de transporte p\u00fablico en la modalidad de taxi y servicio urbano para evitar contagios de COVID-19. Debido a que la capital del estado se encuentra en color rojo en el sem\u00e1foro epidemiol\u00f3gico personal de la [&hellip;]<\/p>\n","protected":false},"author":1,"featured_media":16284,"comment_status":"open","ping_status":"open","sticky":false,"template":"","format":"standard","meta":{"_jetpack_memberships_contains_paid_content":false,"footnotes":""},"categories":[3],"tags":[],"class_list":["post-16283","post","type-post","status-publish","format-standard","has-post-thumbnail","hentry","category-xalapa"],"jetpack_featured_media_url":"https:\/\/encuentroinformativo.com.mx\/wp-content\/uploads\/2021\/07\/8F9ACE66-28CC-4301-90BA-B8B215F8D759.jpeg","jetpack_sharing_enabled":true,"jetpack_likes_enabled":true,"amp_enabled":true,"_links":{"self":[{"href":"https:\/\/encuentroinformativo.com.mx\/index.php?rest_route=\/wp\/v2\/posts\/16283","targetHints":{"allow":["GET"]}}],"collection":[{"href":"https:\/\/encuentroinformativo.com.mx\/index.php?rest_route=\/wp\/v2\/posts"}],"about":[{"href":"https:\/\/encuentroinformativo.com.mx\/index.php?rest_route=\/wp\/v2\/types\/post"}],"author":[{"embeddable":true,"href":"https:\/\/encuentroinformativo.com.mx\/index.php?rest_route=\/wp\/v2\/users\/1"}],"replies":[{"embeddable":true,"href":"https:\/\/encuentroinformativo.com.mx\/index.php?rest_route=%2Fwp%2Fv2%2Fcomments&post=16283"}],"version-history":[{"count":1,"href":"https:\/\/encuentroinformativo.com.mx\/index.php?rest_route=\/wp\/v2\/posts\/16283\/revisions"}],"predecessor-version":[{"id":16285,"href":"https:\/\/encuentroinformativo.com.mx\/index.php?rest_route=\/wp\/v2\/posts\/16283\/revisions\/16285"}],"wp:featuredmedia":[{"embeddable":true,"href":"https:\/\/encuentroinformativo.com.mx\/index.php?rest_route=\/wp\/v2\/media\/16284"}],"wp:attachment":[{"href":"https:\/\/encuentroinformativo.com.mx\/index.php?rest_route=%2Fwp%2Fv2%2Fmedia&parent=16283"}],"wp:term":[{"taxonomy":"category","embeddable":true,"href":"https:\/\/encuentroinformativo.com.mx\/index.php?rest_route=%2Fwp%2Fv2%2Fcategories&post=16283"},{"taxonomy":"post_tag","embeddable":true,"href":"https:\/\/encuentroinformativo.com.mx\/index.php?rest_route=%2Fwp%2Fv2%2Ftags&post=16283"}],"curies":[{"name":"wp","href":"https:\/\/api.w.org\/{rel}","templated":true}]}}