{"id":16292,"date":"2021-07-09T13:08:45","date_gmt":"2021-07-09T18:08:45","guid":{"rendered":"https:\/\/encuentroinformativo.com.mx\/?p=16292"},"modified":"2021-07-09T13:08:49","modified_gmt":"2021-07-09T18:08:49","slug":"vacian-cooperativa-escolar-en-medellin-de-bravo","status":"publish","type":"post","link":"https:\/\/encuentroinformativo.com.mx\/?p=16292","title":{"rendered":"Vac\u00edan cooperativa escolar en Medell\u00edn de Bravo"},"content":{"rendered":"\n<p><strong>Alejandro \u00c1vila<\/strong><\/p>\n\n\n\n<p>Medell\u00edn de Bravo, Ver.- La madrugada del jueves, sujetos ingresaron a la escuela primaria &#8220;Emiliano Zapata&#8221; ubicada en la localidad de El Tejar en el municipio de Medell\u00edn de Bravo, donde, tras romper cerraduras, hurtaron todo aparato que hab\u00eda en la cooperativa escolar.<\/p>\n\n\n\n<p>Cables de cobre, mesas, una escalera de aluminio, licuadora y otros productos fueron robados; sin embargo, dejaron en su huida, un tanque de gas, adem\u00e1s &#8220;a med\u00edas&#8221; el robo de los aires acondicionados, pues ya hab\u00edan desprendido las protecciones.<\/p>\n\n\n\n<p>Vecinos de la escuela escucharon ruidos en su interior y llamaron al 911, pero al llegar las corporaciones policiacas, los ladrones hab\u00edan desaparecido.<\/p>\n\n\n\n<p>Los vecinos presumen que el &#8220;trabajo&#8221; se har\u00eda en dos partes, el miercoles por la noche romper candados, protecciones y seguros, y el jueves llevarse los aparatos m\u00e1s grandes como aires acondicionados, computadoras, escritorios, y m\u00e1s.<\/p>\n\n\n\n<p>Los padres de familia encontraron varias pertenencias de la escuela en el fondo del plantel, junto a una barda, por donde intuyen que pensaban sacar el bot\u00edn; ah\u00ed dejaron un tanque de gas, cable, una licuadora y otros productos de la cooperativa.<\/p>\n\n\n\n<p>Adem\u00e1s, los climas y compresores se encontraban listos para ser sustra\u00eddos, ya que las protecciones hab\u00edan sido desmontadas.<\/p>\n\n\n\n<p>El saldo de lo robado fue de cables, dos mesas, una escalera de aluminio, productos de la cooperativa y da\u00f1os cuantiosos. En su huida, los ladrones dejaron una mochila.<\/p>\n","protected":false},"excerpt":{"rendered":"<p>Alejandro \u00c1vila Medell\u00edn de Bravo, Ver.- La madrugada del jueves, sujetos ingresaron a la escuela primaria &#8220;Emiliano Zapata&#8221; ubicada en la localidad de El Tejar en el municipio de Medell\u00edn de Bravo, donde, tras romper cerraduras, hurtaron todo aparato que hab\u00eda en la cooperativa escolar. Cables de cobre, mesas, una escalera de aluminio, licuadora y [&hellip;]<\/p>\n","protected":false},"author":1,"featured_media":16291,"comment_status":"open","ping_status":"open","sticky":false,"template":"","format":"standard","meta":{"_jetpack_memberships_contains_paid_content":false,"footnotes":""},"categories":[2],"tags":[],"class_list":["post-16292","post","type-post","status-publish","format-standard","has-post-thumbnail","hentry","category-estado"],"jetpack_featured_media_url":"https:\/\/encuentroinformativo.com.mx\/wp-content\/uploads\/2021\/07\/E913481D-FF79-4138-9E52-CB29E7BD6C9A.jpeg","jetpack_sharing_enabled":true,"jetpack_likes_enabled":true,"amp_enabled":true,"_links":{"self":[{"href":"https:\/\/encuentroinformativo.com.mx\/index.php?rest_route=\/wp\/v2\/posts\/16292","targetHints":{"allow":["GET"]}}],"collection":[{"href":"https:\/\/encuentroinformativo.com.mx\/index.php?rest_route=\/wp\/v2\/posts"}],"about":[{"href":"https:\/\/encuentroinformativo.com.mx\/index.php?rest_route=\/wp\/v2\/types\/post"}],"author":[{"embeddable":true,"href":"https:\/\/encuentroinformativo.com.mx\/index.php?rest_route=\/wp\/v2\/users\/1"}],"replies":[{"embeddable":true,"href":"https:\/\/encuentroinformativo.com.mx\/index.php?rest_route=%2Fwp%2Fv2%2Fcomments&post=16292"}],"version-history":[{"count":1,"href":"https:\/\/encuentroinformativo.com.mx\/index.php?rest_route=\/wp\/v2\/posts\/16292\/revisions"}],"predecessor-version":[{"id":16293,"href":"https:\/\/encuentroinformativo.com.mx\/index.php?rest_route=\/wp\/v2\/posts\/16292\/revisions\/16293"}],"wp:featuredmedia":[{"embeddable":true,"href":"https:\/\/encuentroinformativo.com.mx\/index.php?rest_route=\/wp\/v2\/media\/16291"}],"wp:attachment":[{"href":"https:\/\/encuentroinformativo.com.mx\/index.php?rest_route=%2Fwp%2Fv2%2Fmedia&parent=16292"}],"wp:term":[{"taxonomy":"category","embeddable":true,"href":"https:\/\/encuentroinformativo.com.mx\/index.php?rest_route=%2Fwp%2Fv2%2Fcategories&post=16292"},{"taxonomy":"post_tag","embeddable":true,"href":"https:\/\/encuentroinformativo.com.mx\/index.php?rest_route=%2Fwp%2Fv2%2Ftags&post=16292"}],"curies":[{"name":"wp","href":"https:\/\/api.w.org\/{rel}","templated":true}]}}