{"id":16301,"date":"2021-07-09T13:46:12","date_gmt":"2021-07-09T18:46:12","guid":{"rendered":"https:\/\/encuentroinformativo.com.mx\/?p=16301"},"modified":"2021-07-09T13:46:16","modified_gmt":"2021-07-09T18:46:16","slug":"iniciara-vacunacion-para-treintaneros-gobernador","status":"publish","type":"post","link":"https:\/\/encuentroinformativo.com.mx\/?p=16301","title":{"rendered":"Iniciar\u00e1 vacunaci\u00f3n para treinta\u00f1eros: Gobernador"},"content":{"rendered":"\n<p><strong>Dar\u00edo Pale<\/strong><\/p>\n\n\n\n<p>Xalapa, Ver.- A partir del pr\u00f3ximo lunes 12 de julio inicia la vacunaci\u00f3n al sector de 30 a 39 a\u00f1os de edad en P\u00e1nuco, as\u00ed lo inform\u00f3 el gobernador Cuitl\u00e1huac Garc\u00eda Jim\u00e9nez por medio de sus redes sociales.<\/p>\n\n\n\n<p>El mandatario estatal a trav\u00e9s de sus redes sociales, el mandatario puntualiz\u00f3 que la sede ser\u00e1 en la cabecera municipal los d\u00edas 12, 13 y 14 de julio, en Tuxpan, ser\u00e1 los mismos d\u00edas 12, 13 y 14 de julio en la cabecera municipal.<br>Posteriormente, los d\u00edas 13, 14 y 15 de julio, se instalar\u00e1 una macrosede en el municipio de Orizaba, para atender a la poblaci\u00f3n de los municipios de Orizaba, Ixtaczoquitl\u00e1n y R\u00edo Blanco.<\/p>\n\n\n\n<p>Asimismo, los d\u00edas 12 y 13 se vacunar\u00e1 a la poblaci\u00f3n del municipio de Tezonapa, pero aclar\u00f3 que ah\u00ed se atender\u00e1 a dos sectores, los de 30 a 39 a\u00f1os y a los de 40 a 49 a\u00f1os.<br>&#8220;30 y m\u00e1s y los chavorrucos de 40 tambi\u00e9n, juntos para atender a Tezonapa los d\u00edas 12 y 13 de julio&#8221;, se\u00f1al\u00f3.<\/p>\n\n\n\n<p>De la misma manera se instalar\u00e1 una macrosede en Cardel para atender a la poblaci\u00f3n del 12 al 14 de julio, de los municipios de Paso de Ovejas, La Antigua, Puente Nacional y \u00darsulo Galv\u00e1n.<br>El Mandatario estatal agreg\u00f3 que el 14 de julio se vacunar\u00e1 a la gente de Hueyapan de Ocampo, mientras que los d\u00edas 12 y 13 de julio instalar\u00e1n una macrosede en Las Choapas.<\/p>\n\n\n\n<p>&#8220;Por favor cuida tu salud, seguimos avanzando con el Plan Nacional de Vacunaci\u00f3n. El licenciado Andr\u00e9s Manuel L\u00f3pez Obrador ha estado muy atento y ha dado seguimiento a este plan y va funcionando, pero solo con tu participaci\u00f3n podemos tener mejores resultados&#8221;, finaliz\u00f3.<\/p>\n","protected":false},"excerpt":{"rendered":"<p>Dar\u00edo Pale Xalapa, Ver.- A partir del pr\u00f3ximo lunes 12 de julio inicia la vacunaci\u00f3n al sector de 30 a 39 a\u00f1os de edad en P\u00e1nuco, as\u00ed lo inform\u00f3 el gobernador Cuitl\u00e1huac Garc\u00eda Jim\u00e9nez por medio de sus redes sociales. El mandatario estatal a trav\u00e9s de sus redes sociales, el mandatario puntualiz\u00f3 que la sede [&hellip;]<\/p>\n","protected":false},"author":1,"featured_media":16302,"comment_status":"open","ping_status":"open","sticky":false,"template":"","format":"standard","meta":{"_jetpack_memberships_contains_paid_content":false,"footnotes":""},"categories":[9],"tags":[],"class_list":["post-16301","post","type-post","status-publish","format-standard","has-post-thumbnail","hentry","category-salud"],"jetpack_featured_media_url":"https:\/\/encuentroinformativo.com.mx\/wp-content\/uploads\/2021\/07\/F3E379C0-FCAA-4598-85F7-75C3DCCD50C9.jpeg","jetpack_sharing_enabled":true,"jetpack_likes_enabled":true,"amp_enabled":true,"_links":{"self":[{"href":"https:\/\/encuentroinformativo.com.mx\/index.php?rest_route=\/wp\/v2\/posts\/16301","targetHints":{"allow":["GET"]}}],"collection":[{"href":"https:\/\/encuentroinformativo.com.mx\/index.php?rest_route=\/wp\/v2\/posts"}],"about":[{"href":"https:\/\/encuentroinformativo.com.mx\/index.php?rest_route=\/wp\/v2\/types\/post"}],"author":[{"embeddable":true,"href":"https:\/\/encuentroinformativo.com.mx\/index.php?rest_route=\/wp\/v2\/users\/1"}],"replies":[{"embeddable":true,"href":"https:\/\/encuentroinformativo.com.mx\/index.php?rest_route=%2Fwp%2Fv2%2Fcomments&post=16301"}],"version-history":[{"count":1,"href":"https:\/\/encuentroinformativo.com.mx\/index.php?rest_route=\/wp\/v2\/posts\/16301\/revisions"}],"predecessor-version":[{"id":16303,"href":"https:\/\/encuentroinformativo.com.mx\/index.php?rest_route=\/wp\/v2\/posts\/16301\/revisions\/16303"}],"wp:featuredmedia":[{"embeddable":true,"href":"https:\/\/encuentroinformativo.com.mx\/index.php?rest_route=\/wp\/v2\/media\/16302"}],"wp:attachment":[{"href":"https:\/\/encuentroinformativo.com.mx\/index.php?rest_route=%2Fwp%2Fv2%2Fmedia&parent=16301"}],"wp:term":[{"taxonomy":"category","embeddable":true,"href":"https:\/\/encuentroinformativo.com.mx\/index.php?rest_route=%2Fwp%2Fv2%2Fcategories&post=16301"},{"taxonomy":"post_tag","embeddable":true,"href":"https:\/\/encuentroinformativo.com.mx\/index.php?rest_route=%2Fwp%2Fv2%2Ftags&post=16301"}],"curies":[{"name":"wp","href":"https:\/\/api.w.org\/{rel}","templated":true}]}}