{"id":16304,"date":"2021-07-09T14:31:50","date_gmt":"2021-07-09T19:31:50","guid":{"rendered":"https:\/\/encuentroinformativo.com.mx\/?p=16304"},"modified":"2021-07-09T14:31:54","modified_gmt":"2021-07-09T19:31:54","slug":"empresas-querian-cobrar-adeudos-por-mil-mdp-lima","status":"publish","type":"post","link":"https:\/\/encuentroinformativo.com.mx\/?p=16304","title":{"rendered":"Empresas quer\u00edan cobrar adeudos por mil mdp: Lima"},"content":{"rendered":"\n<p><strong>Juan Arcos<\/strong><\/p>\n\n\n\n<p>Xalapa, Ver.- Un total de mil millones de pesos pretend\u00edan cobrar empresas a la Secretar\u00eda de Finanzas y Planeaci\u00f3n (Sefiplan) por presuntos adeudos que heredaron administraciones pasadas a proveedores.<\/p>\n\n\n\n<p>As\u00ed lo revel\u00f3 el titular de Sefiplan, Jos\u00e9 Luis Lima Franco, quien a\u00f1adi\u00f3 que la Contralor\u00eda General del Estado iniciar\u00e1 los procesos legales contra las empresas que quisieron aprovechar la situaci\u00f3n y hacer cobros indebidos al gobierno estatal.<\/p>\n\n\n\n<p>\u201cLas validaciones fueron negativas, es un tema ante la Contralor\u00eda General del Estado y ya la Contralor\u00eda es quien tendr\u00e1 que hacer los temas de investigaci\u00f3n, lo que ellos consideren necesario en cuesti\u00f3n de responsabilidades\u201d.<\/p>\n\n\n\n<p>El entrevistado detall\u00f3 que contin\u00faa el proceso para liquidar los adeudos que est\u00e1n pendientes con empresas que han logrado acreditarlos, mediante un proceso de revisi\u00f3n.<\/p>\n\n\n\n<p>El funcionario estatal indic\u00f3 que hasta el momento tienen validadas a 100 empresas, mismas que comenzar\u00e1n a acceder a los pagos por adeudos que hered\u00f3 el gobierno de Javier Duarte de Ochoa.<\/p>\n\n\n\n<p>Cabe recordar que Sefiplan pretende pagar 450 millones de pesos, a trav\u00e9s del factoraje por adeudos de otras administraciones estatales y otros 450 millones de pesos para el adelanto de pagos de facturas de proveedores actuales.<\/p>\n\n\n\n<p>\u201cYa que se valida entran al esquema que anunci\u00f3 el gobernador, que es de factoraje\u201d, enfatiz\u00f3 Lima Franco.<\/p>\n\n\n\n<p>Sobre los rumores acerca de su presunta aspiraci\u00f3n a la gubernatura de Veracruz, Lima Franco refiri\u00f3 que no es el momento para pronunciarse al respecto.<\/p>\n\n\n\n<p>\u201cTenemos un gran trabajo todav\u00eda por hacer, tenemos que seguir trabajando con los pasivos, en el tema de la deuda y bueno, estamos enfocados en el tema de finanzas y seguiremos trabajando. En su momento no depender\u00e1 de nosotros esa decisi\u00f3n\u201d, remat\u00f3.<\/p>\n","protected":false},"excerpt":{"rendered":"<p>Juan Arcos Xalapa, Ver.- Un total de mil millones de pesos pretend\u00edan cobrar empresas a la Secretar\u00eda de Finanzas y Planeaci\u00f3n (Sefiplan) por presuntos adeudos que heredaron administraciones pasadas a proveedores. As\u00ed lo revel\u00f3 el titular de Sefiplan, Jos\u00e9 Luis Lima Franco, quien a\u00f1adi\u00f3 que la Contralor\u00eda General del Estado iniciar\u00e1 los procesos legales contra [&hellip;]<\/p>\n","protected":false},"author":1,"featured_media":16305,"comment_status":"open","ping_status":"open","sticky":false,"template":"","format":"standard","meta":{"_jetpack_memberships_contains_paid_content":false,"footnotes":""},"categories":[2],"tags":[],"class_list":["post-16304","post","type-post","status-publish","format-standard","has-post-thumbnail","hentry","category-estado"],"jetpack_featured_media_url":"https:\/\/encuentroinformativo.com.mx\/wp-content\/uploads\/2021\/07\/AD526FF8-E095-4362-98F9-00063D00D2B7.jpeg","jetpack_sharing_enabled":true,"jetpack_likes_enabled":true,"amp_enabled":true,"_links":{"self":[{"href":"https:\/\/encuentroinformativo.com.mx\/index.php?rest_route=\/wp\/v2\/posts\/16304","targetHints":{"allow":["GET"]}}],"collection":[{"href":"https:\/\/encuentroinformativo.com.mx\/index.php?rest_route=\/wp\/v2\/posts"}],"about":[{"href":"https:\/\/encuentroinformativo.com.mx\/index.php?rest_route=\/wp\/v2\/types\/post"}],"author":[{"embeddable":true,"href":"https:\/\/encuentroinformativo.com.mx\/index.php?rest_route=\/wp\/v2\/users\/1"}],"replies":[{"embeddable":true,"href":"https:\/\/encuentroinformativo.com.mx\/index.php?rest_route=%2Fwp%2Fv2%2Fcomments&post=16304"}],"version-history":[{"count":1,"href":"https:\/\/encuentroinformativo.com.mx\/index.php?rest_route=\/wp\/v2\/posts\/16304\/revisions"}],"predecessor-version":[{"id":16306,"href":"https:\/\/encuentroinformativo.com.mx\/index.php?rest_route=\/wp\/v2\/posts\/16304\/revisions\/16306"}],"wp:featuredmedia":[{"embeddable":true,"href":"https:\/\/encuentroinformativo.com.mx\/index.php?rest_route=\/wp\/v2\/media\/16305"}],"wp:attachment":[{"href":"https:\/\/encuentroinformativo.com.mx\/index.php?rest_route=%2Fwp%2Fv2%2Fmedia&parent=16304"}],"wp:term":[{"taxonomy":"category","embeddable":true,"href":"https:\/\/encuentroinformativo.com.mx\/index.php?rest_route=%2Fwp%2Fv2%2Fcategories&post=16304"},{"taxonomy":"post_tag","embeddable":true,"href":"https:\/\/encuentroinformativo.com.mx\/index.php?rest_route=%2Fwp%2Fv2%2Ftags&post=16304"}],"curies":[{"name":"wp","href":"https:\/\/api.w.org\/{rel}","templated":true}]}}