{"id":16310,"date":"2021-07-10T10:39:52","date_gmt":"2021-07-10T15:39:52","guid":{"rendered":"https:\/\/encuentroinformativo.com.mx\/?p=16310"},"modified":"2021-07-10T10:40:01","modified_gmt":"2021-07-10T15:40:01","slug":"volvemos-al-rojo","status":"publish","type":"post","link":"https:\/\/encuentroinformativo.com.mx\/?p=16310","title":{"rendered":"Volvemos al rojo"},"content":{"rendered":"\n<p><strong>N\u00fameros Rojos<\/strong><\/p>\n\n\n\n<p><strong>Brenda Caballero<\/strong><\/p>\n\n\n\n<p>\u00a1En rojo! As\u00ed fue clasificado el sem\u00e1foro epidemiol\u00f3gico en Xalapa y el puerto de Veracruz. Apenas la semana pasada, peque\u00f1os negocios y taxistas manifestaban que la situaci\u00f3n econ\u00f3mica para ellos se \u201cestaba componiendo\u201d, sin embargo, el alza de casos de Covid 19 fren\u00f3 nuevamente su buena racha. Por el rojo vuelve la suspensi\u00f3n de las actividades recreativas, coincidentemente con el periodo vacacional de las escuelas.<\/p>\n\n\n\n<p>Centros de entretenimiento, de esparcimiento, conciertos, ferias, foros, museos, balnearios, entre otros ser\u00e1n suspendidos del 5 al 18 de julio por considerarse estar en riesgo m\u00e1ximo de contagios por Covid. \u00bfQu\u00e9 pasar\u00e1 con esas familias que viven de esos ingresos en vacaciones? Recordemos que es el segundo a\u00f1o que se quedar\u00edan sin recursos econ\u00f3micos, adem\u00e1s de que no est\u00e1n siendo apoyados con recursos de alg\u00fan programa por los gobiernos actuales, sea federal, estatal o municipal.<\/p>\n\n\n\n<p>Tambi\u00e9n cerrar\u00e1n las peluquer\u00edas, las est\u00e9ticas, las barber\u00edas, templos, tiendas departamentales, gimnasios, albercas deportivas \u00bfy las que ofrecieron cursos de verano como la misma Fundaci\u00f3n de la Universidad Veracruzana, retrasar\u00e1n sus cursos?<\/p>\n\n\n\n<p>La misma Canaco Veracruz advirti\u00f3 que ante esta medida podr\u00edan perderse 30 mil empleos sumados a los 60 mil ya perdidos e insisti\u00f3 en que la medida no se politice, ya que lo \u00fanico que genera es p\u00e1nico y caos entre la poblaci\u00f3n.<\/p>\n\n\n\n<p>Si bien la salud es lo m\u00e1s importante en estos momentos, no debemos dejar pasar que una gran parte de la poblaci\u00f3n se dedica al comercio y al no tener ingresos, est\u00e1n condenados al cierre de negocios y p\u00e9rdida de empleos.<\/p>\n\n\n\n<p>Por ejemplo, es de aplaudir que las autoridades sanitarias est\u00e9n pendientes de los aforos en bares, cantinas y centros nocturnos y de no cumplirse, lleven a cabo la clausura correspondiente, pero hay otros lugares en donde ni se meten como los tianguis y mercados sobre ruedas porque salen correteados.<\/p>\n\n\n\n<p>All\u00ed es donde deber\u00edan verificar la sana distancia o el cumplimiento del cubrebocas sobre nariz y boca, pues muchos locatarios despachan como si nada pasara. Olv\u00eddese de desinfectar las zonas comunes o el dinero que pasa por sus manos.<\/p>\n\n\n\n<p>No cabe duda que las medidas m\u00e1s fuertes son aplicadas para el comercio formal que ha invertido en un term\u00f3metro, en gel, un tapete sanitizante y hasta en desinfecciones peri\u00f3dicas de su negocio.<\/p>\n\n\n\n<p>Cada vez es m\u00e1s com\u00fan encontrarse a personas que para no usar cubrebocas usan el argumento de que ya fueron vacunadas y son inmunes, o los mismos j\u00f3venes que no lo usan, porque a ellos no les dar\u00e1; as\u00ed lo dicen.<\/p>\n\n\n\n<p>Este lunes arranca la vacunaci\u00f3n con los treinta\u00f1eros, aunque a los cuarentones a\u00fan les falta la segunda dosis. Esperemos que los casos de contagio disminuyan pronto, por la salud de todos, y la econ\u00f3mica, por supuesto.<\/p>\n\n\n\n<p>@NumerosRojos_BC<\/p>\n\n\n\n<p>Email:&nbsp;<a href=\"mailto:caballero_brenda@hotmail.com\" target=\"_blank\" rel=\"noreferrer noopener\">caballero_brenda@hotmail.com<\/a><\/p>\n","protected":false},"excerpt":{"rendered":"<p>N\u00fameros Rojos Brenda Caballero \u00a1En rojo! As\u00ed fue clasificado el sem\u00e1foro epidemiol\u00f3gico en Xalapa y el puerto de Veracruz. Apenas la semana pasada, peque\u00f1os negocios y taxistas manifestaban que la situaci\u00f3n econ\u00f3mica para ellos se \u201cestaba componiendo\u201d, sin embargo, el alza de casos de Covid 19 fren\u00f3 nuevamente su buena racha. Por el rojo vuelve [&hellip;]<\/p>\n","protected":false},"author":1,"featured_media":70,"comment_status":"open","ping_status":"open","sticky":false,"template":"","format":"standard","meta":{"_jetpack_memberships_contains_paid_content":false,"footnotes":""},"categories":[11],"tags":[],"class_list":["post-16310","post","type-post","status-publish","format-standard","has-post-thumbnail","hentry","category-opinion"],"jetpack_featured_media_url":"https:\/\/encuentroinformativo.com.mx\/wp-content\/uploads\/2020\/02\/opinion-invitado.jpg","jetpack_sharing_enabled":true,"jetpack_likes_enabled":true,"amp_enabled":true,"_links":{"self":[{"href":"https:\/\/encuentroinformativo.com.mx\/index.php?rest_route=\/wp\/v2\/posts\/16310","targetHints":{"allow":["GET"]}}],"collection":[{"href":"https:\/\/encuentroinformativo.com.mx\/index.php?rest_route=\/wp\/v2\/posts"}],"about":[{"href":"https:\/\/encuentroinformativo.com.mx\/index.php?rest_route=\/wp\/v2\/types\/post"}],"author":[{"embeddable":true,"href":"https:\/\/encuentroinformativo.com.mx\/index.php?rest_route=\/wp\/v2\/users\/1"}],"replies":[{"embeddable":true,"href":"https:\/\/encuentroinformativo.com.mx\/index.php?rest_route=%2Fwp%2Fv2%2Fcomments&post=16310"}],"version-history":[{"count":1,"href":"https:\/\/encuentroinformativo.com.mx\/index.php?rest_route=\/wp\/v2\/posts\/16310\/revisions"}],"predecessor-version":[{"id":16311,"href":"https:\/\/encuentroinformativo.com.mx\/index.php?rest_route=\/wp\/v2\/posts\/16310\/revisions\/16311"}],"wp:featuredmedia":[{"embeddable":true,"href":"https:\/\/encuentroinformativo.com.mx\/index.php?rest_route=\/wp\/v2\/media\/70"}],"wp:attachment":[{"href":"https:\/\/encuentroinformativo.com.mx\/index.php?rest_route=%2Fwp%2Fv2%2Fmedia&parent=16310"}],"wp:term":[{"taxonomy":"category","embeddable":true,"href":"https:\/\/encuentroinformativo.com.mx\/index.php?rest_route=%2Fwp%2Fv2%2Fcategories&post=16310"},{"taxonomy":"post_tag","embeddable":true,"href":"https:\/\/encuentroinformativo.com.mx\/index.php?rest_route=%2Fwp%2Fv2%2Ftags&post=16310"}],"curies":[{"name":"wp","href":"https:\/\/api.w.org\/{rel}","templated":true}]}}