{"id":16312,"date":"2021-07-10T10:43:26","date_gmt":"2021-07-10T15:43:26","guid":{"rendered":"https:\/\/encuentroinformativo.com.mx\/?p=16312"},"modified":"2021-07-10T10:43:31","modified_gmt":"2021-07-10T15:43:31","slug":"festejos-de-la-independencia-de-colombia-comenzaran-en-veracruz","status":"publish","type":"post","link":"https:\/\/encuentroinformativo.com.mx\/?p=16312","title":{"rendered":"Festejos de la Independencia de Colombia comenzar\u00e1n en Veracruz"},"content":{"rendered":"\n<p><strong>Alejandro \u00c1vila<\/strong><\/p>\n\n\n\n<p>Veracruz, Ver. &#8211; La Embajadora de Colombia en M\u00e9xico, Patricia Eugenia C\u00e1rdenas Santa Mar\u00eda confirm\u00f3 que los festejos de la Independencia de Colombia comenzar\u00e1n a partir de este s\u00e1bado en Veracruz, en el marco de la visita del buque escuela \u201cARC Gloria\u201d.<\/p>\n\n\n\n<p>La Independencia de Colombia es el d\u00eda 20 de julio, aunque este s\u00e1bado 10 de julio, cuando el buque escuela atraque en el muelle tur\u00edstico de Veracruz, donde permanecer\u00e1 cuatro d\u00edas y podr\u00e1 ser visitado por los ciudadanos, se har\u00e1 un festejo especial para poder conmemorar los 211 a\u00f1os de su emancipaci\u00f3n de Espa\u00f1a.<\/p>\n\n\n\n<p>\u201cSi, de hecho, ma\u00f1ana iniciamos ese festejo, ma\u00f1ana en la tarde, a las seis de la tarde iniciamos el festejo en el buque \u2018Gloria\u2019 que viene, es parte de la celebraci\u00f3n de nuestra Independencia, est\u00e1 invitada toda la comunidad colombiana, los amigos de Veracruz que quieran visitar el barco, tambi\u00e9n va a estar abierto para recorrerlo, para probar nuestra gastronom\u00eda, para descubrir m\u00e1s a Colombia, va a estar aqu\u00ed desde el 10 hasta el 14 de julio\u201d, mencion\u00f3.<\/p>\n\n\n\n<p>La diplom\u00e1tica record\u00f3 que la relaci\u00f3n con M\u00e9xico es tan estrecha que, lo ha llevado a ser el segundo social comercial de Colombia en Latinoam\u00e9rica; con Veracruz, el acercamiento es mayor, pues resalt\u00f3 que la mayor parte del comercio colombiano ingresa por el Puerto de Veracruz.<\/p>\n\n\n\n<p>C\u00e1rdenas Santa Mar\u00eda estuvo presente este viernes por la noche en la inauguraci\u00f3n de la exposici\u00f3n fotogr\u00e1fica \u201cVeracruz Para Llevar\u201d, donde fue la invitada de honor y cort\u00f3 el list\u00f3n de la muestra donde se podr\u00e1n apreciar 22 im\u00e1genes de diversos puntos de la ciudad que plasm\u00f3 el fotoperiodista de Hugo Garrido.<br>Este s\u00e1bado por la ma\u00f1ana, en punto de las 10 horas, la Embajadora de Colombia, Patricia Eugenia C\u00e1rdenas Santa Mar\u00eda, encabezar\u00e1 el recibimiento del buque escuela \u201cARC Gloria\u201d, en el Muelle de la T, ubicado en el malec\u00f3n de Veracruz, donde se presume autoridades estatales le har\u00e1n compa\u00f1\u00eda.<\/p>\n","protected":false},"excerpt":{"rendered":"<p>Alejandro \u00c1vila Veracruz, Ver. &#8211; La Embajadora de Colombia en M\u00e9xico, Patricia Eugenia C\u00e1rdenas Santa Mar\u00eda confirm\u00f3 que los festejos de la Independencia de Colombia comenzar\u00e1n a partir de este s\u00e1bado en Veracruz, en el marco de la visita del buque escuela \u201cARC Gloria\u201d. La Independencia de Colombia es el d\u00eda 20 de julio, aunque [&hellip;]<\/p>\n","protected":false},"author":1,"featured_media":16313,"comment_status":"open","ping_status":"open","sticky":false,"template":"","format":"standard","meta":{"_jetpack_memberships_contains_paid_content":false,"footnotes":""},"categories":[2],"tags":[],"class_list":["post-16312","post","type-post","status-publish","format-standard","has-post-thumbnail","hentry","category-estado"],"jetpack_featured_media_url":"https:\/\/encuentroinformativo.com.mx\/wp-content\/uploads\/2021\/07\/459FCAF6-2765-4CF6-8BE5-871C918915EB.jpeg","jetpack_sharing_enabled":true,"jetpack_likes_enabled":true,"amp_enabled":true,"_links":{"self":[{"href":"https:\/\/encuentroinformativo.com.mx\/index.php?rest_route=\/wp\/v2\/posts\/16312","targetHints":{"allow":["GET"]}}],"collection":[{"href":"https:\/\/encuentroinformativo.com.mx\/index.php?rest_route=\/wp\/v2\/posts"}],"about":[{"href":"https:\/\/encuentroinformativo.com.mx\/index.php?rest_route=\/wp\/v2\/types\/post"}],"author":[{"embeddable":true,"href":"https:\/\/encuentroinformativo.com.mx\/index.php?rest_route=\/wp\/v2\/users\/1"}],"replies":[{"embeddable":true,"href":"https:\/\/encuentroinformativo.com.mx\/index.php?rest_route=%2Fwp%2Fv2%2Fcomments&post=16312"}],"version-history":[{"count":1,"href":"https:\/\/encuentroinformativo.com.mx\/index.php?rest_route=\/wp\/v2\/posts\/16312\/revisions"}],"predecessor-version":[{"id":16314,"href":"https:\/\/encuentroinformativo.com.mx\/index.php?rest_route=\/wp\/v2\/posts\/16312\/revisions\/16314"}],"wp:featuredmedia":[{"embeddable":true,"href":"https:\/\/encuentroinformativo.com.mx\/index.php?rest_route=\/wp\/v2\/media\/16313"}],"wp:attachment":[{"href":"https:\/\/encuentroinformativo.com.mx\/index.php?rest_route=%2Fwp%2Fv2%2Fmedia&parent=16312"}],"wp:term":[{"taxonomy":"category","embeddable":true,"href":"https:\/\/encuentroinformativo.com.mx\/index.php?rest_route=%2Fwp%2Fv2%2Fcategories&post=16312"},{"taxonomy":"post_tag","embeddable":true,"href":"https:\/\/encuentroinformativo.com.mx\/index.php?rest_route=%2Fwp%2Fv2%2Ftags&post=16312"}],"curies":[{"name":"wp","href":"https:\/\/api.w.org\/{rel}","templated":true}]}}