{"id":16315,"date":"2021-07-10T14:43:49","date_gmt":"2021-07-10T19:43:49","guid":{"rendered":"https:\/\/encuentroinformativo.com.mx\/?p=16315"},"modified":"2021-07-10T14:43:53","modified_gmt":"2021-07-10T19:43:53","slug":"dejan-sin-energia-electrica-a-locatarios-de-la-rotonda","status":"publish","type":"post","link":"https:\/\/encuentroinformativo.com.mx\/?p=16315","title":{"rendered":"Dejan sin energ\u00eda el\u00e9ctrica a locatarios de La Rotonda"},"content":{"rendered":"\n<p><strong>Dar\u00edo Pale<\/strong><\/p>\n\n\n\n<p>Xalapa, Ver.- Ayuntamiento deja sin energ\u00eda el\u00e9ctrica a comerciantes de la parte externa del mercado &#8220;La Rotonda&#8221;, ya que desde el pasado lunes no cuentan con este servicio el-cual les fue retirado sin previo aviso-.<\/p>\n\n\n\n<p>En entrevista Gabriela Barrios uno de los afectados se\u00f1al\u00f3 que el ayuntamiento les cort\u00f3 el suministro sin previo aviso, bajo el argumento de que adeudan a la Comisi\u00f3n Federal de Electricidad (CFE), &#8220;no nos dieron explicaci\u00f3n alguna. Solamente lleg\u00f3 gente y en ning\u00fan momento justificaron el corte. Simplemente llegaron y nos quitaron el medidor&#8221;.<\/p>\n\n\n\n<p>Aunque el motivo aparente es un adeudo de aproximadamente 20 mil pesos a la CFE, los comerciantes se dicen dispuestos a pagar, &#8220;con la Comisi\u00f3n hab\u00edamos llegado a un acuerdo. Nos dijeron que hab\u00eda una deuda y est\u00e1bamos de acuerdo para llegar a un acuerdo. Nunca nos negamos. Se iba a sacar la cuenta de los que usan refrigeradores y los que no, pero se olvid\u00f3 ese acuerdo y ahorita&#8221;.<\/p>\n\n\n\n<p>Por la falta de energ\u00eda el\u00e9ctrica los comerciantes padecen merma de mercanc\u00eda, principalmente los que venden productos perecederos, &#8220;tenemos mercanc\u00eda que ya no sale. De plano se ech\u00f3 a perder por completo. Fruta, leche&#8230;&#8221; dijo otra de las locatarias.<\/p>\n\n\n\n<p>Se trata de comerciantes que fueron reubicados del centro a la zona externa del mercado, liderados por Marcelino Amado Morales, quienes suponen que fueron los locatarios del mercado quienes intervinieron ante las autoridades para que les cortaran el suministro de energ\u00eda, ante diferencias que han mantenido por a\u00f1os.<\/p>\n\n\n\n<p>Ya que permanecen con la venta de diferentes productos durante la noche, como frutas y verduras adem\u00e1s de alimentos, los vendedores se apoyan con l\u00e1mparas recargables.<\/p>\n\n\n\n<p>Finalmente comentaron que est\u00e1n solicitando un di\u00e1logo con las autoridades municipales para lograr un acuerdo y as\u00ed contar de nuevo con el servicio el\u00e9ctrico, de lo contrario planean manifestaciones en pr\u00f3ximos d\u00edas.<\/p>\n","protected":false},"excerpt":{"rendered":"<p>Dar\u00edo Pale Xalapa, Ver.- Ayuntamiento deja sin energ\u00eda el\u00e9ctrica a comerciantes de la parte externa del mercado &#8220;La Rotonda&#8221;, ya que desde el pasado lunes no cuentan con este servicio el-cual les fue retirado sin previo aviso-. En entrevista Gabriela Barrios uno de los afectados se\u00f1al\u00f3 que el ayuntamiento les cort\u00f3 el suministro sin previo [&hellip;]<\/p>\n","protected":false},"author":1,"featured_media":16316,"comment_status":"open","ping_status":"open","sticky":false,"template":"","format":"standard","meta":{"_jetpack_memberships_contains_paid_content":false,"footnotes":""},"categories":[3],"tags":[],"class_list":["post-16315","post","type-post","status-publish","format-standard","has-post-thumbnail","hentry","category-xalapa"],"jetpack_featured_media_url":"https:\/\/encuentroinformativo.com.mx\/wp-content\/uploads\/2021\/07\/5F42A5F5-45B4-4FA8-A59C-68AF60F97D9F.jpeg","jetpack_sharing_enabled":true,"jetpack_likes_enabled":true,"amp_enabled":true,"_links":{"self":[{"href":"https:\/\/encuentroinformativo.com.mx\/index.php?rest_route=\/wp\/v2\/posts\/16315","targetHints":{"allow":["GET"]}}],"collection":[{"href":"https:\/\/encuentroinformativo.com.mx\/index.php?rest_route=\/wp\/v2\/posts"}],"about":[{"href":"https:\/\/encuentroinformativo.com.mx\/index.php?rest_route=\/wp\/v2\/types\/post"}],"author":[{"embeddable":true,"href":"https:\/\/encuentroinformativo.com.mx\/index.php?rest_route=\/wp\/v2\/users\/1"}],"replies":[{"embeddable":true,"href":"https:\/\/encuentroinformativo.com.mx\/index.php?rest_route=%2Fwp%2Fv2%2Fcomments&post=16315"}],"version-history":[{"count":1,"href":"https:\/\/encuentroinformativo.com.mx\/index.php?rest_route=\/wp\/v2\/posts\/16315\/revisions"}],"predecessor-version":[{"id":16317,"href":"https:\/\/encuentroinformativo.com.mx\/index.php?rest_route=\/wp\/v2\/posts\/16315\/revisions\/16317"}],"wp:featuredmedia":[{"embeddable":true,"href":"https:\/\/encuentroinformativo.com.mx\/index.php?rest_route=\/wp\/v2\/media\/16316"}],"wp:attachment":[{"href":"https:\/\/encuentroinformativo.com.mx\/index.php?rest_route=%2Fwp%2Fv2%2Fmedia&parent=16315"}],"wp:term":[{"taxonomy":"category","embeddable":true,"href":"https:\/\/encuentroinformativo.com.mx\/index.php?rest_route=%2Fwp%2Fv2%2Fcategories&post=16315"},{"taxonomy":"post_tag","embeddable":true,"href":"https:\/\/encuentroinformativo.com.mx\/index.php?rest_route=%2Fwp%2Fv2%2Ftags&post=16315"}],"curies":[{"name":"wp","href":"https:\/\/api.w.org\/{rel}","templated":true}]}}