{"id":16325,"date":"2021-07-11T15:00:10","date_gmt":"2021-07-11T20:00:10","guid":{"rendered":"https:\/\/encuentroinformativo.com.mx\/?p=16325"},"modified":"2021-07-11T15:00:14","modified_gmt":"2021-07-11T20:00:14","slug":"por-pandemia-empresas-pasaron-a-la-informalidad","status":"publish","type":"post","link":"https:\/\/encuentroinformativo.com.mx\/?p=16325","title":{"rendered":"Por pandemia, empresas pasaron a la informalidad"},"content":{"rendered":"\n<p><strong>Juan Arcos<\/strong><\/p>\n\n\n\n<p>Xalapa, Ver.- Diversas empresas pasaron a la informalidad, debido a la crisis econ\u00f3mica que ha ocasionado la pandemia del SARS-COV-2 (COVID-19), durante un a\u00f1o cuatro meses.<\/p>\n\n\n\n<p>As\u00ed lo dio a conocer el titular de la Secretar\u00eda de Desarrollo Econ\u00f3mico y Portuario (Sedecop), Enrique de Jes\u00fas Nach\u00f3n Garc\u00eda, quien a\u00f1adi\u00f3 que hasta el momento se desconoce la cifra de empresas que cerraron sus puertas o pasaron a la ilegalidad.<\/p>\n\n\n\n<p>\u201cNosotros estamos trabajando para la formalidad y que esas personas o empresas se formalicen y se contabilicen como empleos formales. No desaparecieron, dejaron de ser formales\u201d, expres\u00f3.<\/p>\n\n\n\n<p>El funcionario estatal mencion\u00f3 que se ha tratado de buscar a los empresarios que dejaron la formalidad para que la recuperen y as\u00ed sean respetados los derechos de sus trabajadores.<\/p>\n\n\n\n<p>Enfatiz\u00f3 que se ha exhortado a todas las personas a cumplir con las normas y reglas de comercio.<\/p>\n\n\n\n<p>\u201cMucha gente que era empleada de una empresa empez\u00f3 a ser un empleo personal, vend\u00eda comida o productos y simplemente ya no se dio de alta como formal, la idea es formalizarlos. La econom\u00eda cambi\u00f3, el mundo cambi\u00f3, la circunstancias cambiaron pero tienes que entrar a la formalidad\u201d, refiri\u00f3.<\/p>\n\n\n\n<p>Record\u00f3 que las empresas formales deben cumplir con el pago de impuestos y otorgar a sus trabajadores las prestaciones de ley.<\/p>\n\n\n\n<p>\u201cEs para que el empleado tenga Seguro Social, Infonavit, tenga esa seguridad social que el d\u00eda que se quiera jubilar o pensionar tenga ese beneficio que el marco legal le da\u201d, concluy\u00f3 Nach\u00f3n Garc\u00eda.<\/p>\n","protected":false},"excerpt":{"rendered":"<p>Juan Arcos Xalapa, Ver.- Diversas empresas pasaron a la informalidad, debido a la crisis econ\u00f3mica que ha ocasionado la pandemia del SARS-COV-2 (COVID-19), durante un a\u00f1o cuatro meses. As\u00ed lo dio a conocer el titular de la Secretar\u00eda de Desarrollo Econ\u00f3mico y Portuario (Sedecop), Enrique de Jes\u00fas Nach\u00f3n Garc\u00eda, quien a\u00f1adi\u00f3 que hasta el momento [&hellip;]<\/p>\n","protected":false},"author":1,"featured_media":16326,"comment_status":"open","ping_status":"open","sticky":false,"template":"","format":"standard","meta":{"_jetpack_memberships_contains_paid_content":false,"footnotes":""},"categories":[2],"tags":[],"class_list":["post-16325","post","type-post","status-publish","format-standard","has-post-thumbnail","hentry","category-estado"],"jetpack_featured_media_url":"https:\/\/encuentroinformativo.com.mx\/wp-content\/uploads\/2021\/07\/266FCF15-F0C9-488D-A058-7C48E8859B89.jpeg","jetpack_sharing_enabled":true,"jetpack_likes_enabled":true,"amp_enabled":true,"_links":{"self":[{"href":"https:\/\/encuentroinformativo.com.mx\/index.php?rest_route=\/wp\/v2\/posts\/16325","targetHints":{"allow":["GET"]}}],"collection":[{"href":"https:\/\/encuentroinformativo.com.mx\/index.php?rest_route=\/wp\/v2\/posts"}],"about":[{"href":"https:\/\/encuentroinformativo.com.mx\/index.php?rest_route=\/wp\/v2\/types\/post"}],"author":[{"embeddable":true,"href":"https:\/\/encuentroinformativo.com.mx\/index.php?rest_route=\/wp\/v2\/users\/1"}],"replies":[{"embeddable":true,"href":"https:\/\/encuentroinformativo.com.mx\/index.php?rest_route=%2Fwp%2Fv2%2Fcomments&post=16325"}],"version-history":[{"count":1,"href":"https:\/\/encuentroinformativo.com.mx\/index.php?rest_route=\/wp\/v2\/posts\/16325\/revisions"}],"predecessor-version":[{"id":16327,"href":"https:\/\/encuentroinformativo.com.mx\/index.php?rest_route=\/wp\/v2\/posts\/16325\/revisions\/16327"}],"wp:featuredmedia":[{"embeddable":true,"href":"https:\/\/encuentroinformativo.com.mx\/index.php?rest_route=\/wp\/v2\/media\/16326"}],"wp:attachment":[{"href":"https:\/\/encuentroinformativo.com.mx\/index.php?rest_route=%2Fwp%2Fv2%2Fmedia&parent=16325"}],"wp:term":[{"taxonomy":"category","embeddable":true,"href":"https:\/\/encuentroinformativo.com.mx\/index.php?rest_route=%2Fwp%2Fv2%2Fcategories&post=16325"},{"taxonomy":"post_tag","embeddable":true,"href":"https:\/\/encuentroinformativo.com.mx\/index.php?rest_route=%2Fwp%2Fv2%2Ftags&post=16325"}],"curies":[{"name":"wp","href":"https:\/\/api.w.org\/{rel}","templated":true}]}}