{"id":16337,"date":"2021-07-12T09:14:43","date_gmt":"2021-07-12T14:14:43","guid":{"rendered":"https:\/\/encuentroinformativo.com.mx\/?p=16337"},"modified":"2021-07-12T09:14:48","modified_gmt":"2021-07-12T14:14:48","slug":"dario-fabian","status":"publish","type":"post","link":"https:\/\/encuentroinformativo.com.mx\/?p=16337","title":{"rendered":"Dar\u00edo Fabi\u00e1n"},"content":{"rendered":"\n<p><strong>Los Pol\u00edticos<\/strong><br><br><strong>Salvador Mu\u00f1oz<\/strong><\/p>\n\n\n\n<p>La Universidad Veracruzana involucrada en el desarrollo de tu ciudad, de tu negocio, de darle una nueva cara al parque, al cableado que hace del paisaje de tu calle una telara\u00f1a, al campo, a los artesanos de Naolinco, hacerse cargo de la salud de los propios universitarios, desde administrativos, docentes y alumnos; todav\u00eda mejor: que la sociedad igual participe en ello. Al final, la idea es hacer a la UV una universidad sostenible\u2026<\/p>\n\n\n\n<p>Suena ut\u00f3pico o hasta idealista, pero es posible porque se ha hecho, porque se lleva a cabo, porque se puede hacer\u2026 con los seis mil 200 millones de presupuesto que recibe la Universidad Veracruzana alcanza y sobra\u2026 s\u00f3lo basta optimizar los recursos y sobre todo, saber el C\u00f3mo aplicarlos y todav\u00eda m\u00e1s: D\u00f3nde gestionar m\u00e1s para proyectar el papel de la UV como una promotora del desarrollo.<\/p>\n\n\n\n<p>Platico con Dar\u00edo Fabi\u00e1n Hern\u00e1ndez Gonz\u00e1lez, aspirante a rector de la M\u00e1xima Casa de Estudios en Veracruz. La amplitud de sus pretensiones para con la UV contagian por el entusiasmo y sobre todo, por ese sentido humanista que rodea su plan de trabajo donde todas y cada una de las facultades que tiene la Universidad, no deben ser s\u00f3lo centros de conocimiento, sino tambi\u00e9n de participaci\u00f3n social\u2026<\/p>\n\n\n\n<p>Vamos, se trata de \u201cDesescolarizar el aula para pasar al territorio del aprendizaje\u201d&#8230; hace a\u00f1os, la Universidad tuvo su Hospital de Ginecolog\u00eda y Obstetricia, donde los estudiantes realmente aprend\u00edan\u2026 hoy tiene otra funci\u00f3n que no se acerca a lo que fue.<\/p>\n\n\n\n<p>El caso de Medicina es uno de tantos ejemplos que pone Dar\u00edo Fabi\u00e1n, quien hace poco se desempe\u00f1ara como director general del Sistema Estatal de Planeaci\u00f3n de Sefiplan.<\/p>\n\n\n\n<p>A sus 44 a\u00f1os, est\u00e1 en la posibilidad de ser uno de los rectores m\u00e1s j\u00f3venes pero tambi\u00e9n de los m\u00e1s ambiciosos para darle un giro al papel de la Universidad Veracruzana no s\u00f3lo con sus alumnos, sino tambi\u00e9n con su entorno.<\/p>\n\n\n\n<p>Otro proyecto interesante lo ubica en la Facultad de Leyes con las Salas de Paz para los Juicios Orales, no s\u00f3lo para estudiar, sino para resolver conflictos ya sea entre maestros con directores, alumnos con maestros o hasta temas como el acoso o violencia dentro de la Universidad, donde tras deliberar alumnos y maestros, la resoluci\u00f3n se llevar\u00eda ante un Magistrado para confirmar lo juzgado.<\/p>\n\n\n\n<p>Con estos simples ejemplos que pone Dar\u00edo Fabi\u00e1n, es imposible no hacerle la pregunta: \u00bfNo crees que tu propuesta al ser tan ambiciosa, sea tu propia enemiga porque a todas luces ha de encontrar resistencias, resistencias de quienes han encontrado en la UV una fuente de privilegios tan absurdos como el comprarse \u201ccamionetotas\u201d?<\/p>\n\n\n\n<p>Me responde que sabe, que lo tiene en claro, que no se puede dar conciencia pero si develarla. La austeridad, la planeaci\u00f3n y apretarse un poco el cintur\u00f3n son b\u00e1sicos para alcanzar los muchos objetivos que se tienen proyectados y estos tres puntos considera que le faltaron a la Universidad, al menos en esta pandemia, donde algunos alumnos se enfrentaron al problema de la educaci\u00f3n a distancia, la mayor\u00eda concentrados en la falta de infraestructura. Al no haber clases, se debi\u00f3 hacer un plan de ahorro en energ\u00eda el\u00e9ctrica, agua, entre otros, por citar algunos, y utilizar esos recursos para proveer al estudiante de una computadora, no regalada, sino v\u00eda vale, ponerla a pr\u00e9stamo.<\/p>\n\n\n\n<p>Por cierto, \u00bfhay evaluaci\u00f3n psicol\u00f3gica al maestro y alumno tras a\u00f1o y medio de pandemia? La pregunta queda en el aire pero es elemental la respuesta.<\/p>\n\n\n\n<p>Entonces, \u00bfqu\u00e9 calificaci\u00f3n se le pondr\u00eda a la rectora Sara Ladr\u00f3n de Guevara? Considera que como Gestora, no reprueba pero cree que le falt\u00f3 apretarse el cintur\u00f3n&#8230;<\/p>\n\n\n\n<p>\u00a1Vamos! Hasta tiene confianza en la Junta de Gobierno aunque vaya en desventaja pues muchos de los 12 aspirantes a la rector\u00eda salen de la administraci\u00f3n universitaria.<\/p>\n\n\n\n<p>La realidad es que me quedo corto con la propuesta, el trabajo y definir qui\u00e9n es Dar\u00edo Fabi\u00e1n Hern\u00e1ndez Gonz\u00e1lez: maestro de Econom\u00eda, rockero de los 80, poeta y escritor, ex quarterback y Haf de los Lobos en Xalapa, karateca, cantante de karaoke, amante de la cocina, y un aspirante a ser rector de la UV con la firme pretensi\u00f3n de hacer de la Universidad Veracruzana, parte esencial en el Desarrollo de nuestra entidad&#8230;<\/p>\n\n\n\n<p><a href=\"mailto:smcainito@gmail.com\" target=\"_blank\" rel=\"noreferrer noopener\">smcainito@gmail.com<\/a><\/p>\n","protected":false},"excerpt":{"rendered":"<p>Los Pol\u00edticos Salvador Mu\u00f1oz La Universidad Veracruzana involucrada en el desarrollo de tu ciudad, de tu negocio, de darle una nueva cara al parque, al cableado que hace del paisaje de tu calle una telara\u00f1a, al campo, a los artesanos de Naolinco, hacerse cargo de la salud de los propios universitarios, desde administrativos, docentes y [&hellip;]<\/p>\n","protected":false},"author":1,"featured_media":70,"comment_status":"open","ping_status":"open","sticky":false,"template":"","format":"standard","meta":{"_jetpack_memberships_contains_paid_content":false,"footnotes":""},"categories":[11],"tags":[],"class_list":["post-16337","post","type-post","status-publish","format-standard","has-post-thumbnail","hentry","category-opinion"],"jetpack_featured_media_url":"https:\/\/encuentroinformativo.com.mx\/wp-content\/uploads\/2020\/02\/opinion-invitado.jpg","jetpack_sharing_enabled":true,"jetpack_likes_enabled":true,"amp_enabled":true,"_links":{"self":[{"href":"https:\/\/encuentroinformativo.com.mx\/index.php?rest_route=\/wp\/v2\/posts\/16337","targetHints":{"allow":["GET"]}}],"collection":[{"href":"https:\/\/encuentroinformativo.com.mx\/index.php?rest_route=\/wp\/v2\/posts"}],"about":[{"href":"https:\/\/encuentroinformativo.com.mx\/index.php?rest_route=\/wp\/v2\/types\/post"}],"author":[{"embeddable":true,"href":"https:\/\/encuentroinformativo.com.mx\/index.php?rest_route=\/wp\/v2\/users\/1"}],"replies":[{"embeddable":true,"href":"https:\/\/encuentroinformativo.com.mx\/index.php?rest_route=%2Fwp%2Fv2%2Fcomments&post=16337"}],"version-history":[{"count":1,"href":"https:\/\/encuentroinformativo.com.mx\/index.php?rest_route=\/wp\/v2\/posts\/16337\/revisions"}],"predecessor-version":[{"id":16338,"href":"https:\/\/encuentroinformativo.com.mx\/index.php?rest_route=\/wp\/v2\/posts\/16337\/revisions\/16338"}],"wp:featuredmedia":[{"embeddable":true,"href":"https:\/\/encuentroinformativo.com.mx\/index.php?rest_route=\/wp\/v2\/media\/70"}],"wp:attachment":[{"href":"https:\/\/encuentroinformativo.com.mx\/index.php?rest_route=%2Fwp%2Fv2%2Fmedia&parent=16337"}],"wp:term":[{"taxonomy":"category","embeddable":true,"href":"https:\/\/encuentroinformativo.com.mx\/index.php?rest_route=%2Fwp%2Fv2%2Fcategories&post=16337"},{"taxonomy":"post_tag","embeddable":true,"href":"https:\/\/encuentroinformativo.com.mx\/index.php?rest_route=%2Fwp%2Fv2%2Ftags&post=16337"}],"curies":[{"name":"wp","href":"https:\/\/api.w.org\/{rel}","templated":true}]}}