{"id":16343,"date":"2021-07-12T11:06:23","date_gmt":"2021-07-12T16:06:23","guid":{"rendered":"https:\/\/encuentroinformativo.com.mx\/?p=16343"},"modified":"2021-07-12T11:06:26","modified_gmt":"2021-07-12T16:06:26","slug":"en-protesta-viveristas-toman-parque-dona-falla","status":"publish","type":"post","link":"https:\/\/encuentroinformativo.com.mx\/?p=16343","title":{"rendered":"En protesta, viveristas toman parque Do\u00f1a Falla"},"content":{"rendered":"\n<p><strong>Juan Arcos<\/strong><\/p>\n\n\n\n<p>Xalapa, Ver.- Un grupo de viveristas protest\u00f3 y tom\u00f3 las instalaciones del parque Do\u00f1a Falla para exigir la renuncia del jefe de la Oficina de Hortalizas, Silvestre L\u00f3pez Paniagua, a quien acusan de entorpecer su actividad y pretender retirarles sus espacios para beneficiar a gente de su confianza.<\/p>\n\n\n\n<p>Los quejosos impidieron el acceso a las instalaciones desde las ocho de la ma\u00f1ana de este lunes, para solicitar al encargado de despacho de la Secretar\u00eda de Desarrollo Agropecuario, Rural y Pesca (Sedarpa), Evaristo Ovando Jim\u00e9nez, que solucione el problema.<\/p>\n\n\n\n<p>De acuerdo con el bi\u00f3logo Henry Ricardez Zapata, viverista de Tabasco, el funcionario de la Sedarpa ha ocasionado conflictos entre los 34 viveristas de este lugar, ubicado sobre las avenidas L\u00e1zaro C\u00e1rdenas y Murillo Vidal, en esta ciudad capital.<\/p>\n\n\n\n<p>\u201cA pesar de ser un ingeniero agr\u00f3nomo ha hecho cosas que no van con el parque. Mantenemos un parque de bajo costo, que se mantienen de manera natural, digamos, con bajo mantenimiento y mete plantas que ni van\u201d, expres\u00f3.<\/p>\n\n\n\n<p>El entrevistado mencion\u00f3 que el encargado del parque ha intentado quitar sus espacios a los viveristas, incumpliendo el reglamento interno.\u00a0<\/p>\n\n\n\n<p>\u201cSabemos que est\u00e1 entrando pero no queremos que pase m\u00e1s esta situaci\u00f3n porque todo lo que hemos hecho en estos tres meses, todos los documentos, ahorita creemos que ya se perdi\u00f3 y estamos desde cero, estamos cansado\u201d.<\/p>\n\n\n\n<p>Ricardez Zapata record\u00f3 que ha laborado durante un a\u00f1o en el sitio; sin embargo, el encargado le niega el comodato, bajo el argumento de que no es veracruzano y no tiene derecho de permanecer en el lugar.<\/p>\n\n\n\n<p>\u201cTengo compa\u00f1eros que no son de Xalapa y sin embargo est\u00e1n produciendo para el estado de Veracruz. Entonces no se me hace justo, ya hemos agotado todas las v\u00edas posibles, esta es la \u00faltima, una manifestaci\u00f3n pac\u00edfica\u201d, enfatiz\u00f3.<\/p>\n\n\n\n<p>Por su parte, Lourdes Ram\u00edrez L\u00f3pez denunci\u00f3 que los viveristas han sido acosados por L\u00f3pez Paniagua y han detectado que el funcionario vende los espacios del parque Do\u00f1a Falla a otros productores, justificando que el recurso econ\u00f3mico recaudado es destinado al mantenimiento del lugar.<br>Sin embargo, cada viverista paga una cuota de recuperaci\u00f3n a la administraci\u00f3n para el mantenimiento del parque.\u00a0<\/p>\n\n\n\n<p>\u201cPedimos a Ovando que retire cuanto antes a la persona porque no podemos continuar trabajando as\u00ed, nos acosa, si no hacemos lo que \u00e9l pide nos tiene con la amenaza de que no nos dar\u00e1n el comodato\u201d, enfatiz\u00f3.<\/p>\n\n\n\n<figure class=\"wp-block-image size-large\"><img loading=\"lazy\" decoding=\"async\" width=\"1024\" height=\"768\" src=\"https:\/\/encuentroinformativo.com.mx\/wp-content\/uploads\/2021\/07\/1189DBD4-8226-4E2D-9606-3E09D60352F9-1024x768.jpeg\" alt=\"\" class=\"wp-image-16345\" srcset=\"https:\/\/encuentroinformativo.com.mx\/wp-content\/uploads\/2021\/07\/1189DBD4-8226-4E2D-9606-3E09D60352F9-1024x768.jpeg 1024w, https:\/\/encuentroinformativo.com.mx\/wp-content\/uploads\/2021\/07\/1189DBD4-8226-4E2D-9606-3E09D60352F9-300x225.jpeg 300w, https:\/\/encuentroinformativo.com.mx\/wp-content\/uploads\/2021\/07\/1189DBD4-8226-4E2D-9606-3E09D60352F9-768x576.jpeg 768w, https:\/\/encuentroinformativo.com.mx\/wp-content\/uploads\/2021\/07\/1189DBD4-8226-4E2D-9606-3E09D60352F9-1536x1152.jpeg 1536w, https:\/\/encuentroinformativo.com.mx\/wp-content\/uploads\/2021\/07\/1189DBD4-8226-4E2D-9606-3E09D60352F9.jpeg 1600w\" sizes=\"auto, (max-width: 1024px) 100vw, 1024px\" \/><\/figure>\n","protected":false},"excerpt":{"rendered":"<p>Juan Arcos Xalapa, Ver.- Un grupo de viveristas protest\u00f3 y tom\u00f3 las instalaciones del parque Do\u00f1a Falla para exigir la renuncia del jefe de la Oficina de Hortalizas, Silvestre L\u00f3pez Paniagua, a quien acusan de entorpecer su actividad y pretender retirarles sus espacios para beneficiar a gente de su confianza. Los quejosos impidieron el acceso [&hellip;]<\/p>\n","protected":false},"author":1,"featured_media":16344,"comment_status":"open","ping_status":"open","sticky":false,"template":"","format":"standard","meta":{"_jetpack_memberships_contains_paid_content":false,"footnotes":""},"categories":[3],"tags":[],"class_list":["post-16343","post","type-post","status-publish","format-standard","has-post-thumbnail","hentry","category-xalapa"],"jetpack_featured_media_url":"https:\/\/encuentroinformativo.com.mx\/wp-content\/uploads\/2021\/07\/57D8A15A-5376-436F-B1A5-77D6CCC5238A.jpeg","jetpack_sharing_enabled":true,"jetpack_likes_enabled":true,"amp_enabled":true,"_links":{"self":[{"href":"https:\/\/encuentroinformativo.com.mx\/index.php?rest_route=\/wp\/v2\/posts\/16343","targetHints":{"allow":["GET"]}}],"collection":[{"href":"https:\/\/encuentroinformativo.com.mx\/index.php?rest_route=\/wp\/v2\/posts"}],"about":[{"href":"https:\/\/encuentroinformativo.com.mx\/index.php?rest_route=\/wp\/v2\/types\/post"}],"author":[{"embeddable":true,"href":"https:\/\/encuentroinformativo.com.mx\/index.php?rest_route=\/wp\/v2\/users\/1"}],"replies":[{"embeddable":true,"href":"https:\/\/encuentroinformativo.com.mx\/index.php?rest_route=%2Fwp%2Fv2%2Fcomments&post=16343"}],"version-history":[{"count":1,"href":"https:\/\/encuentroinformativo.com.mx\/index.php?rest_route=\/wp\/v2\/posts\/16343\/revisions"}],"predecessor-version":[{"id":16346,"href":"https:\/\/encuentroinformativo.com.mx\/index.php?rest_route=\/wp\/v2\/posts\/16343\/revisions\/16346"}],"wp:featuredmedia":[{"embeddable":true,"href":"https:\/\/encuentroinformativo.com.mx\/index.php?rest_route=\/wp\/v2\/media\/16344"}],"wp:attachment":[{"href":"https:\/\/encuentroinformativo.com.mx\/index.php?rest_route=%2Fwp%2Fv2%2Fmedia&parent=16343"}],"wp:term":[{"taxonomy":"category","embeddable":true,"href":"https:\/\/encuentroinformativo.com.mx\/index.php?rest_route=%2Fwp%2Fv2%2Fcategories&post=16343"},{"taxonomy":"post_tag","embeddable":true,"href":"https:\/\/encuentroinformativo.com.mx\/index.php?rest_route=%2Fwp%2Fv2%2Ftags&post=16343"}],"curies":[{"name":"wp","href":"https:\/\/api.w.org\/{rel}","templated":true}]}}