{"id":16350,"date":"2021-07-12T12:52:36","date_gmt":"2021-07-12T17:52:36","guid":{"rendered":"https:\/\/encuentroinformativo.com.mx\/?p=16350"},"modified":"2021-07-12T12:52:41","modified_gmt":"2021-07-12T17:52:41","slug":"por-vacaciones-esperan-aumento-de-turistas-en-alvarado","status":"publish","type":"post","link":"https:\/\/encuentroinformativo.com.mx\/?p=16350","title":{"rendered":"Por vacaciones, esperan aumento de turistas en Alvarado"},"content":{"rendered":"\n<p><strong>Alejandro \u00c1vila<\/strong><\/p>\n\n\n\n<p>Alvarado, Ver.- Este fin de semana arranc\u00f3 el Operativo de Verano en el municipio de Alvarado, donde se espera un porcentaje de visita de, entre 40 y 70 por ciento de turistas, sobre todo en fin de semana.<\/p>\n\n\n\n<p>El director de Protecci\u00f3n Civil Municipal, Gustavo Chavez Cruz, detall\u00f3 que se contar\u00e1 con 72 elementos en total, los cuales se desglosan de la siguiente manera: Polic\u00eda Estatatal con 22 elementos, Transito Estatal dispondr\u00e1 de 4 agentes vi\u00e1les, Polic\u00eda Municipal proporcionar\u00e1 20 personas, mientras que Protecci\u00f3n Civil Municipal agregar\u00e1 26 elementos.<\/p>\n\n\n\n<p>&#8220;Se supervisar\u00e1n las playas de la cabecera, La Trocha, Las Escolleras. De las comunidades Arbolillo, Salinas y El Canal; as\u00ed como tambi\u00e9n se supervisar\u00e1n las playas de la zona norte, como son las de El Zapote, Mata de Uva y Ant\u00f3n Lizardo&#8221;, declar\u00f3 el funcionario municipal.<\/p>\n\n\n\n<p>El director mencion\u00f3 que se realizar\u00e1n constantes operativos en la carretera federal 180, en los tramos La Piedra &#8211; Tecolapilla, tambi\u00e9n se har\u00e1n estos operativos vi\u00e1les en la carretera federal 150, de La Piedra a Ant\u00f3n Lizardo; as\u00ed como en el bulevar de la Riviera Veracruzana.<\/p>\n\n\n\n<p>&#8220;Estamos en espera de un 40 a un 70 por ciento de visitantes, ya que los atractivos turisticos de la zona norte son muy concurridos, y la gastronom\u00eda y algarab\u00eda de la cabecera, tambi\u00e9n. Estamos preparados y listos, para recibir a todo visitante, a todo turista local, nacional y extranjero&#8221;, culmin\u00f3.<\/p>\n","protected":false},"excerpt":{"rendered":"<p>Alejandro \u00c1vila Alvarado, Ver.- Este fin de semana arranc\u00f3 el Operativo de Verano en el municipio de Alvarado, donde se espera un porcentaje de visita de, entre 40 y 70 por ciento de turistas, sobre todo en fin de semana. El director de Protecci\u00f3n Civil Municipal, Gustavo Chavez Cruz, detall\u00f3 que se contar\u00e1 con 72 [&hellip;]<\/p>\n","protected":false},"author":1,"featured_media":16351,"comment_status":"open","ping_status":"open","sticky":false,"template":"","format":"standard","meta":{"_jetpack_memberships_contains_paid_content":false,"footnotes":""},"categories":[2],"tags":[],"class_list":["post-16350","post","type-post","status-publish","format-standard","has-post-thumbnail","hentry","category-estado"],"jetpack_featured_media_url":"https:\/\/encuentroinformativo.com.mx\/wp-content\/uploads\/2021\/07\/823D5F14-D5CC-43FD-BBD5-FE58E7EB9321.jpeg","jetpack_sharing_enabled":true,"jetpack_likes_enabled":true,"amp_enabled":true,"_links":{"self":[{"href":"https:\/\/encuentroinformativo.com.mx\/index.php?rest_route=\/wp\/v2\/posts\/16350","targetHints":{"allow":["GET"]}}],"collection":[{"href":"https:\/\/encuentroinformativo.com.mx\/index.php?rest_route=\/wp\/v2\/posts"}],"about":[{"href":"https:\/\/encuentroinformativo.com.mx\/index.php?rest_route=\/wp\/v2\/types\/post"}],"author":[{"embeddable":true,"href":"https:\/\/encuentroinformativo.com.mx\/index.php?rest_route=\/wp\/v2\/users\/1"}],"replies":[{"embeddable":true,"href":"https:\/\/encuentroinformativo.com.mx\/index.php?rest_route=%2Fwp%2Fv2%2Fcomments&post=16350"}],"version-history":[{"count":1,"href":"https:\/\/encuentroinformativo.com.mx\/index.php?rest_route=\/wp\/v2\/posts\/16350\/revisions"}],"predecessor-version":[{"id":16352,"href":"https:\/\/encuentroinformativo.com.mx\/index.php?rest_route=\/wp\/v2\/posts\/16350\/revisions\/16352"}],"wp:featuredmedia":[{"embeddable":true,"href":"https:\/\/encuentroinformativo.com.mx\/index.php?rest_route=\/wp\/v2\/media\/16351"}],"wp:attachment":[{"href":"https:\/\/encuentroinformativo.com.mx\/index.php?rest_route=%2Fwp%2Fv2%2Fmedia&parent=16350"}],"wp:term":[{"taxonomy":"category","embeddable":true,"href":"https:\/\/encuentroinformativo.com.mx\/index.php?rest_route=%2Fwp%2Fv2%2Fcategories&post=16350"},{"taxonomy":"post_tag","embeddable":true,"href":"https:\/\/encuentroinformativo.com.mx\/index.php?rest_route=%2Fwp%2Fv2%2Ftags&post=16350"}],"curies":[{"name":"wp","href":"https:\/\/api.w.org\/{rel}","templated":true}]}}