{"id":16353,"date":"2021-07-12T13:42:14","date_gmt":"2021-07-12T18:42:14","guid":{"rendered":"https:\/\/encuentroinformativo.com.mx\/?p=16353"},"modified":"2021-07-12T13:42:18","modified_gmt":"2021-07-12T18:42:18","slug":"clausuro-sesver-visitas-a-buque-colombiano","status":"publish","type":"post","link":"https:\/\/encuentroinformativo.com.mx\/?p=16353","title":{"rendered":"Clausur\u00f3 SESVER visitas a buque colombiano"},"content":{"rendered":"\n<p><strong>Alejandro \u00c1vila<\/strong><\/p>\n\n\n\n<p>Veracruz, Ver. \u2013 La tarde de este domingo, personal del \u00e1rea de Riesgos Sanitarios de la Secretar\u00eda de Salud de Veracruz, acudi\u00f3 al muelle tur\u00edstico (muele de la T), ubicado en la calle Comodoro Manuel Azueta, para clausurar el acceso al buque escuela \u201cARC Gloria\u201d de nacionalidad colombiana.<\/p>\n\n\n\n<p>Los funcionarios estatales se\u00f1alaron que debido a la pandemia deb\u00eda revisar la situaci\u00f3n higi\u00e9nica de la embarcaci\u00f3n, que atrac\u00f3 en el malec\u00f3n de Veracruz la ma\u00f1ana de este s\u00e1bado 10 de julio y, que tras el acto protocolario comenz\u00f3 a recibir visitas de connacionales y veracruzanos.<\/p>\n\n\n\n<p>Decenas de personas aguardaban para poder ingresar, conocer el nav\u00edo, la gastronom\u00eda colombiana y un poco de su historia, a pocos d\u00edas de la celebraci\u00f3n de su Independencia (20 de julio); por lo que se molestaron por esta acci\u00f3n tomada por las autoridades estatales, ya que mencionaron se estaban realizando los protocolos necesarios como, uso de cubrebocas, sanitizaci\u00f3n al ingreso y uso de gel antibacterial.<\/p>\n\n\n\n<p>El capit\u00e1n del barco, Jes\u00fas Gonz\u00e1lez, asegur\u00f3 el pasado s\u00e1bado, a su llegada, que todos los marinos de su tripulaci\u00f3n se encontraban vacunados contra el COVID-19, por lo que no exist\u00eda riesgo alguno con su tropa.<\/p>\n\n\n\n<p>Este lunes, otro grupo de turistas lleg\u00f3 poco antes de las 10 de la ma\u00f1ana (hora de apertura), para poder ingresar al barco y les fue informado que no existe autorizaci\u00f3n estatal para abrirlo al momento.<\/p>\n\n\n\n<p>Personal del barco, inform\u00f3 de forma extra oficial, que la Secretar\u00eda de Marina de M\u00e9xico, est\u00e1 ejerciendo la presi\u00f3n pertinente para que el buque escuela pueda ser abierto al p\u00fablico, toda vez que tiene que zarpar la noche del 14 de julio, y una de las actividades prioritarias de su presencia es, precisamente las visitas de los turistas para dar a conocer su cultura.<\/p>\n\n\n\n<figure class=\"wp-block-image size-large\"><img loading=\"lazy\" decoding=\"async\" width=\"1024\" height=\"657\" src=\"https:\/\/encuentroinformativo.com.mx\/wp-content\/uploads\/2021\/07\/D7556DB6-29E6-4D64-8285-D1559D944F32.jpeg\" alt=\"\" class=\"wp-image-16355\" srcset=\"https:\/\/encuentroinformativo.com.mx\/wp-content\/uploads\/2021\/07\/D7556DB6-29E6-4D64-8285-D1559D944F32.jpeg 1024w, https:\/\/encuentroinformativo.com.mx\/wp-content\/uploads\/2021\/07\/D7556DB6-29E6-4D64-8285-D1559D944F32-300x192.jpeg 300w, https:\/\/encuentroinformativo.com.mx\/wp-content\/uploads\/2021\/07\/D7556DB6-29E6-4D64-8285-D1559D944F32-768x493.jpeg 768w\" sizes=\"auto, (max-width: 1024px) 100vw, 1024px\" \/><\/figure>\n","protected":false},"excerpt":{"rendered":"<p>Alejandro \u00c1vila Veracruz, Ver. \u2013 La tarde de este domingo, personal del \u00e1rea de Riesgos Sanitarios de la Secretar\u00eda de Salud de Veracruz, acudi\u00f3 al muelle tur\u00edstico (muele de la T), ubicado en la calle Comodoro Manuel Azueta, para clausurar el acceso al buque escuela \u201cARC Gloria\u201d de nacionalidad colombiana. Los funcionarios estatales se\u00f1alaron que [&hellip;]<\/p>\n","protected":false},"author":1,"featured_media":16354,"comment_status":"open","ping_status":"open","sticky":false,"template":"","format":"standard","meta":{"_jetpack_memberships_contains_paid_content":false,"footnotes":""},"categories":[2],"tags":[],"class_list":["post-16353","post","type-post","status-publish","format-standard","has-post-thumbnail","hentry","category-estado"],"jetpack_featured_media_url":"https:\/\/encuentroinformativo.com.mx\/wp-content\/uploads\/2021\/07\/FB6FB95D-37BF-41D5-8B0B-BD447139FDBB.jpeg","jetpack_sharing_enabled":true,"jetpack_likes_enabled":true,"amp_enabled":true,"_links":{"self":[{"href":"https:\/\/encuentroinformativo.com.mx\/index.php?rest_route=\/wp\/v2\/posts\/16353","targetHints":{"allow":["GET"]}}],"collection":[{"href":"https:\/\/encuentroinformativo.com.mx\/index.php?rest_route=\/wp\/v2\/posts"}],"about":[{"href":"https:\/\/encuentroinformativo.com.mx\/index.php?rest_route=\/wp\/v2\/types\/post"}],"author":[{"embeddable":true,"href":"https:\/\/encuentroinformativo.com.mx\/index.php?rest_route=\/wp\/v2\/users\/1"}],"replies":[{"embeddable":true,"href":"https:\/\/encuentroinformativo.com.mx\/index.php?rest_route=%2Fwp%2Fv2%2Fcomments&post=16353"}],"version-history":[{"count":1,"href":"https:\/\/encuentroinformativo.com.mx\/index.php?rest_route=\/wp\/v2\/posts\/16353\/revisions"}],"predecessor-version":[{"id":16356,"href":"https:\/\/encuentroinformativo.com.mx\/index.php?rest_route=\/wp\/v2\/posts\/16353\/revisions\/16356"}],"wp:featuredmedia":[{"embeddable":true,"href":"https:\/\/encuentroinformativo.com.mx\/index.php?rest_route=\/wp\/v2\/media\/16354"}],"wp:attachment":[{"href":"https:\/\/encuentroinformativo.com.mx\/index.php?rest_route=%2Fwp%2Fv2%2Fmedia&parent=16353"}],"wp:term":[{"taxonomy":"category","embeddable":true,"href":"https:\/\/encuentroinformativo.com.mx\/index.php?rest_route=%2Fwp%2Fv2%2Fcategories&post=16353"},{"taxonomy":"post_tag","embeddable":true,"href":"https:\/\/encuentroinformativo.com.mx\/index.php?rest_route=%2Fwp%2Fv2%2Ftags&post=16353"}],"curies":[{"name":"wp","href":"https:\/\/api.w.org\/{rel}","templated":true}]}}