{"id":16357,"date":"2021-07-12T14:13:43","date_gmt":"2021-07-12T19:13:43","guid":{"rendered":"https:\/\/encuentroinformativo.com.mx\/?p=16357"},"modified":"2021-07-12T14:13:48","modified_gmt":"2021-07-12T19:13:48","slug":"alerta-conagua-por-ingreso-de-canicula","status":"publish","type":"post","link":"https:\/\/encuentroinformativo.com.mx\/?p=16357","title":{"rendered":"Alerta Conagua por ingreso de can\u00edcula"},"content":{"rendered":"\n<p><strong>Juan Arcos<\/strong><\/p>\n\n\n\n<p>Xalapa, Ver.- La meteor\u00f3loga de la Comisi\u00f3n Nacional del Agua (Conagua), Jessica Iveth Luna Lagunes, alert\u00f3 a la poblaci\u00f3n veracruzana por la llegada de la can\u00edcula, una disminuci\u00f3n notoria de la precipitaci\u00f3n durante la temporada de lluvias.<\/p>\n\n\n\n<p>La especialista detall\u00f3 que dicho fen\u00f3meno se da entre la segunda quincena de julio y la primera de agosto, aunque puede variar de su duraci\u00f3n e intensidad.<\/p>\n\n\n\n<p>\u201cNo se tiene un d\u00eda espec\u00edfico para el inicio de esa temporada ni tampoco un d\u00eda final, todo va a depender de c\u00f3mo se est\u00e9 comportando esa disminuci\u00f3n en la entidad veracruzana\u201d.<\/p>\n\n\n\n<p>Record\u00f3 que las zonas norte y centro del estado son las m\u00e1s afectadas por la disminuci\u00f3n de lluvias.<\/p>\n\n\n\n<p>Por tal motivo, pidi\u00f3 a la ciudadan\u00eda estar atenta y hacer un uso eficiente del agua, ante una mayor sequ\u00eda.<\/p>\n\n\n\n<p>Luna Lagunes record\u00f3 que las temperaturas tienden a aumentar durante este periodo de can\u00edcula, debido a la escasa nubosidad.<\/p>\n\n\n\n<p>\u201cNo obstante, recordemos que las temperaturas m\u00e1s altas se dan durante los meses de abril y mayo. \u00bfQu\u00e9 es lo qu\u00e9 pasa en esta temporada de can\u00edcula?, que tenemos una mayor entrada de humedad y la sensaci\u00f3n t\u00e9rmica sea mayor, es decir, que sintamos una sensaci\u00f3n de bochorno\u201d.<\/p>\n\n\n\n<p>En ese sentido, la meteor\u00f3loga de Conagua indic\u00f3 que los alimentos tienden a descomponerse en un menor tiempo, ocasionando enfermedades gastrointestinales.<\/p>\n","protected":false},"excerpt":{"rendered":"<p>Juan Arcos Xalapa, Ver.- La meteor\u00f3loga de la Comisi\u00f3n Nacional del Agua (Conagua), Jessica Iveth Luna Lagunes, alert\u00f3 a la poblaci\u00f3n veracruzana por la llegada de la can\u00edcula, una disminuci\u00f3n notoria de la precipitaci\u00f3n durante la temporada de lluvias. La especialista detall\u00f3 que dicho fen\u00f3meno se da entre la segunda quincena de julio y la [&hellip;]<\/p>\n","protected":false},"author":1,"featured_media":16358,"comment_status":"open","ping_status":"open","sticky":false,"template":"","format":"standard","meta":{"_jetpack_memberships_contains_paid_content":false,"footnotes":""},"categories":[2],"tags":[],"class_list":["post-16357","post","type-post","status-publish","format-standard","has-post-thumbnail","hentry","category-estado"],"jetpack_featured_media_url":"https:\/\/encuentroinformativo.com.mx\/wp-content\/uploads\/2021\/07\/DDFF6424-3554-4EDC-B295-74FEB6835CDB.jpeg","jetpack_sharing_enabled":true,"jetpack_likes_enabled":true,"amp_enabled":true,"_links":{"self":[{"href":"https:\/\/encuentroinformativo.com.mx\/index.php?rest_route=\/wp\/v2\/posts\/16357","targetHints":{"allow":["GET"]}}],"collection":[{"href":"https:\/\/encuentroinformativo.com.mx\/index.php?rest_route=\/wp\/v2\/posts"}],"about":[{"href":"https:\/\/encuentroinformativo.com.mx\/index.php?rest_route=\/wp\/v2\/types\/post"}],"author":[{"embeddable":true,"href":"https:\/\/encuentroinformativo.com.mx\/index.php?rest_route=\/wp\/v2\/users\/1"}],"replies":[{"embeddable":true,"href":"https:\/\/encuentroinformativo.com.mx\/index.php?rest_route=%2Fwp%2Fv2%2Fcomments&post=16357"}],"version-history":[{"count":1,"href":"https:\/\/encuentroinformativo.com.mx\/index.php?rest_route=\/wp\/v2\/posts\/16357\/revisions"}],"predecessor-version":[{"id":16359,"href":"https:\/\/encuentroinformativo.com.mx\/index.php?rest_route=\/wp\/v2\/posts\/16357\/revisions\/16359"}],"wp:featuredmedia":[{"embeddable":true,"href":"https:\/\/encuentroinformativo.com.mx\/index.php?rest_route=\/wp\/v2\/media\/16358"}],"wp:attachment":[{"href":"https:\/\/encuentroinformativo.com.mx\/index.php?rest_route=%2Fwp%2Fv2%2Fmedia&parent=16357"}],"wp:term":[{"taxonomy":"category","embeddable":true,"href":"https:\/\/encuentroinformativo.com.mx\/index.php?rest_route=%2Fwp%2Fv2%2Fcategories&post=16357"},{"taxonomy":"post_tag","embeddable":true,"href":"https:\/\/encuentroinformativo.com.mx\/index.php?rest_route=%2Fwp%2Fv2%2Ftags&post=16357"}],"curies":[{"name":"wp","href":"https:\/\/api.w.org\/{rel}","templated":true}]}}