{"id":16366,"date":"2021-07-12T16:16:09","date_gmt":"2021-07-12T21:16:09","guid":{"rendered":"https:\/\/encuentroinformativo.com.mx\/?p=16366"},"modified":"2021-07-12T16:16:12","modified_gmt":"2021-07-12T21:16:12","slug":"vendedores-ambulantes-acusan-abusos-de-funcionaria-municipal","status":"publish","type":"post","link":"https:\/\/encuentroinformativo.com.mx\/?p=16366","title":{"rendered":"Vendedores ambulantes acusan abusos de funcionaria municipal"},"content":{"rendered":"\n<p><strong>Dar\u00edo Pale <\/strong><\/p>\n\n\n\n<p>Xalapa, Ver.- Debido a los actos de violencia en que incurren en contra de los carretilleros los vendedores ambulantes aglutinados en el Frente \u00danico de Vendedores Ambulantes, denunciaron ante la ONU a la jefa del departamento de Inspecci\u00f3n y Atenci\u00f3n Comercial del ayuntamiento de Xalapa, Ana Dixon Acosta por dichos actos.<\/p>\n\n\n\n<p>En conferencia de prensa realizada en conocido caf\u00e9 del centro de Xalapa, se\u00f1alaron que cuando se desempe\u00f1\u00f3 en la administraci\u00f3n municipal de Puebla fue denunciada ante la Comisi\u00f3n Estatal de Derechos Humanos, por las m\u00faltiples violaciones contra los ambulantes, por lo que fue destituida del cargo.<\/p>\n\n\n\n<p>\u201cFue destituida por ser una persona muy violenta. Se le envi\u00f3 un escrito al alto comisionado de la Organizaci\u00f3n de las Naciones Unidas, al Presidente, a la Secretar\u00eda de Gobernaci\u00f3n y al Gobernador para que se abran mesas de trabajo y se pueda mediara situaci\u00f3n, porque no hay empleos en Veracruz&#8221;, se\u00f1alo Gustavo M\u00e9ndez Gallardo.<\/p>\n\n\n\n<p>Explic\u00f3 que dicha servidora p\u00fablica ordena contener a los carretilleros por la fuerza y no los deja bajar al centro, los dejan en la calle de Poeta, pero por tanta aglomeraci\u00f3n corren peligro de ser atropellados.<\/p>\n\n\n\n<p>Adem\u00e1s, les quitan la mercanc\u00eda y cuando van a recojerla les aplican infracciones de 700 pesos, pero les roban la mercanc\u00eda, por lo que no descartan denunciar a Dixon Acosta por el delito de robo.<\/p>\n\n\n\n<p>Por \u00faltimo se\u00f1alaron que debido a toda esta situaci\u00f3n los vendedores ambulantes advirtieron que si no logra entablar di\u00e1logo con el alcalde Hip\u00f3lito Rodr\u00edguez Herrero o el titular de Comercio, para que dicha servidora sea destituida, llevar\u00e1n a cabo protestas y cierres de calles.<\/p>\n","protected":false},"excerpt":{"rendered":"<p>Dar\u00edo Pale Xalapa, Ver.- Debido a los actos de violencia en que incurren en contra de los carretilleros los vendedores ambulantes aglutinados en el Frente \u00danico de Vendedores Ambulantes, denunciaron ante la ONU a la jefa del departamento de Inspecci\u00f3n y Atenci\u00f3n Comercial del ayuntamiento de Xalapa, Ana Dixon Acosta por dichos actos. En conferencia [&hellip;]<\/p>\n","protected":false},"author":1,"featured_media":16367,"comment_status":"open","ping_status":"open","sticky":false,"template":"","format":"standard","meta":{"_jetpack_memberships_contains_paid_content":false,"footnotes":""},"categories":[3],"tags":[],"class_list":["post-16366","post","type-post","status-publish","format-standard","has-post-thumbnail","hentry","category-xalapa"],"jetpack_featured_media_url":"https:\/\/encuentroinformativo.com.mx\/wp-content\/uploads\/2021\/07\/792217DD-956C-446F-89CF-775648D40A40.jpeg","jetpack_sharing_enabled":true,"jetpack_likes_enabled":true,"amp_enabled":true,"_links":{"self":[{"href":"https:\/\/encuentroinformativo.com.mx\/index.php?rest_route=\/wp\/v2\/posts\/16366","targetHints":{"allow":["GET"]}}],"collection":[{"href":"https:\/\/encuentroinformativo.com.mx\/index.php?rest_route=\/wp\/v2\/posts"}],"about":[{"href":"https:\/\/encuentroinformativo.com.mx\/index.php?rest_route=\/wp\/v2\/types\/post"}],"author":[{"embeddable":true,"href":"https:\/\/encuentroinformativo.com.mx\/index.php?rest_route=\/wp\/v2\/users\/1"}],"replies":[{"embeddable":true,"href":"https:\/\/encuentroinformativo.com.mx\/index.php?rest_route=%2Fwp%2Fv2%2Fcomments&post=16366"}],"version-history":[{"count":1,"href":"https:\/\/encuentroinformativo.com.mx\/index.php?rest_route=\/wp\/v2\/posts\/16366\/revisions"}],"predecessor-version":[{"id":16368,"href":"https:\/\/encuentroinformativo.com.mx\/index.php?rest_route=\/wp\/v2\/posts\/16366\/revisions\/16368"}],"wp:featuredmedia":[{"embeddable":true,"href":"https:\/\/encuentroinformativo.com.mx\/index.php?rest_route=\/wp\/v2\/media\/16367"}],"wp:attachment":[{"href":"https:\/\/encuentroinformativo.com.mx\/index.php?rest_route=%2Fwp%2Fv2%2Fmedia&parent=16366"}],"wp:term":[{"taxonomy":"category","embeddable":true,"href":"https:\/\/encuentroinformativo.com.mx\/index.php?rest_route=%2Fwp%2Fv2%2Fcategories&post=16366"},{"taxonomy":"post_tag","embeddable":true,"href":"https:\/\/encuentroinformativo.com.mx\/index.php?rest_route=%2Fwp%2Fv2%2Ftags&post=16366"}],"curies":[{"name":"wp","href":"https:\/\/api.w.org\/{rel}","templated":true}]}}