{"id":16369,"date":"2021-07-12T16:32:15","date_gmt":"2021-07-12T21:32:15","guid":{"rendered":"https:\/\/encuentroinformativo.com.mx\/?p=16369"},"modified":"2021-07-12T16:32:19","modified_gmt":"2021-07-12T21:32:19","slug":"incrementa-ocupacion-de-pacientes-covid-en-cosamaloapan","status":"publish","type":"post","link":"https:\/\/encuentroinformativo.com.mx\/?p=16369","title":{"rendered":"Incrementa ocupaci\u00f3n de pacientes COVID en Cosamaloapan"},"content":{"rendered":"\n<p><strong>Alejandro \u00c1vila<\/strong><\/p>\n\n\n\n<p>Cosamaloapan, Ver.- El alcalde de Cosamaloapan, Ra\u00fal Hermida Salto, se\u00f1al\u00f3 que durantes los \u00faltimos quince d\u00edas ha habido un repunte de casos COVID en el municipio, esto producto, del relajamiento que existe entre la poblaci\u00f3n.<\/p>\n\n\n\n<p>Advirtio que la situaci\u00f3n no debe tomarse a la ligera, pues adem\u00e1s, la ocupaci\u00f3n de camas en el IMSS de Cosamalopan ha ido en aumento.<\/p>\n\n\n\n<p>Es por ello que exhort\u00f3 a la poblaci\u00f3n en general a continuar con las medidas del uso de cubre bocas, la utilizaci\u00f3n de gel antibacterial o alcohol y respetar la sana distancia, esto, derivado al excesivo relajamiento de la ciudadan\u00eda, apunt\u00f3.<\/p>\n\n\n\n<p>\u201cDe nada habr\u00e1n servido tantos esfuerzos, tanta dedicaci\u00f3n y tantos sacrificios si no somos capaces de cumplir con estas medidas, recordemos la crisis en el 2020 donde Cosamaloapan ocup\u00f3 a nivel federal el tercer lugar de municipios con mayor incidencia por cada cien mil habitantes\u201d, resalt\u00f3.<\/p>\n\n\n\n<p>Es por ello que anunci\u00f3 que el gobierno municipal volver\u00e1 a organizar las brigadas de persuasi\u00f3n o invitaci\u00f3n al comercio, a los bancos, a los centros comerciales, para reducir la asistencia de ciudadanos; adem\u00e1s de coadyuvar con las diferentes dependencias de gobierno para que no se incrementen de nuevo los casos.<\/p>\n\n\n\n<p>Ra\u00fal Hermida, tambi\u00e9n se\u00f1al\u00f3 que este relajamiento o confianza de la ciudadan\u00eda, se debe a la vacunaci\u00f3n que se ha aplicado, donde la gente cree que estando vacunado ya no se infectar\u00e1; en cambio, dijo que ahora es el momento de intensificar todas las medidas de protecci\u00f3n mientras se distribuya la vacunaci\u00f3n a todos los sectores de acuerdo a sus edades, ya que los expertos mencionan que cuanto m\u00e1s circule el virus m\u00e1s posibilidades hay de que mute a una variante que responda peor a las vacunas.<\/p>\n","protected":false},"excerpt":{"rendered":"<p>Alejandro \u00c1vila Cosamaloapan, Ver.- El alcalde de Cosamaloapan, Ra\u00fal Hermida Salto, se\u00f1al\u00f3 que durantes los \u00faltimos quince d\u00edas ha habido un repunte de casos COVID en el municipio, esto producto, del relajamiento que existe entre la poblaci\u00f3n. Advirtio que la situaci\u00f3n no debe tomarse a la ligera, pues adem\u00e1s, la ocupaci\u00f3n de camas en el [&hellip;]<\/p>\n","protected":false},"author":1,"featured_media":16370,"comment_status":"open","ping_status":"open","sticky":false,"template":"","format":"standard","meta":{"_jetpack_memberships_contains_paid_content":false,"footnotes":""},"categories":[9],"tags":[],"class_list":["post-16369","post","type-post","status-publish","format-standard","has-post-thumbnail","hentry","category-salud"],"jetpack_featured_media_url":"https:\/\/encuentroinformativo.com.mx\/wp-content\/uploads\/2021\/07\/92D866B4-CB5F-48BD-96C0-199047CB48D7.jpeg","jetpack_sharing_enabled":true,"jetpack_likes_enabled":true,"amp_enabled":true,"_links":{"self":[{"href":"https:\/\/encuentroinformativo.com.mx\/index.php?rest_route=\/wp\/v2\/posts\/16369","targetHints":{"allow":["GET"]}}],"collection":[{"href":"https:\/\/encuentroinformativo.com.mx\/index.php?rest_route=\/wp\/v2\/posts"}],"about":[{"href":"https:\/\/encuentroinformativo.com.mx\/index.php?rest_route=\/wp\/v2\/types\/post"}],"author":[{"embeddable":true,"href":"https:\/\/encuentroinformativo.com.mx\/index.php?rest_route=\/wp\/v2\/users\/1"}],"replies":[{"embeddable":true,"href":"https:\/\/encuentroinformativo.com.mx\/index.php?rest_route=%2Fwp%2Fv2%2Fcomments&post=16369"}],"version-history":[{"count":1,"href":"https:\/\/encuentroinformativo.com.mx\/index.php?rest_route=\/wp\/v2\/posts\/16369\/revisions"}],"predecessor-version":[{"id":16371,"href":"https:\/\/encuentroinformativo.com.mx\/index.php?rest_route=\/wp\/v2\/posts\/16369\/revisions\/16371"}],"wp:featuredmedia":[{"embeddable":true,"href":"https:\/\/encuentroinformativo.com.mx\/index.php?rest_route=\/wp\/v2\/media\/16370"}],"wp:attachment":[{"href":"https:\/\/encuentroinformativo.com.mx\/index.php?rest_route=%2Fwp%2Fv2%2Fmedia&parent=16369"}],"wp:term":[{"taxonomy":"category","embeddable":true,"href":"https:\/\/encuentroinformativo.com.mx\/index.php?rest_route=%2Fwp%2Fv2%2Fcategories&post=16369"},{"taxonomy":"post_tag","embeddable":true,"href":"https:\/\/encuentroinformativo.com.mx\/index.php?rest_route=%2Fwp%2Fv2%2Ftags&post=16369"}],"curies":[{"name":"wp","href":"https:\/\/api.w.org\/{rel}","templated":true}]}}