{"id":16378,"date":"2021-07-12T19:09:39","date_gmt":"2021-07-13T00:09:39","guid":{"rendered":"https:\/\/encuentroinformativo.com.mx\/?p=16378"},"modified":"2021-07-12T19:09:44","modified_gmt":"2021-07-13T00:09:44","slug":"bloquean-para-reclamar-energia-electrica-en-la-aguada","status":"publish","type":"post","link":"https:\/\/encuentroinformativo.com.mx\/?p=16378","title":{"rendered":"Bloquean para reclamar energ\u00eda el\u00e9ctrica en La Aguada"},"content":{"rendered":"\n<p><strong>Alejandro \u00c1vila<\/strong><\/p>\n\n\n\n<p>Alvarado, Ver. \u2013 Pobladores de la localidad La Aguada perteneciente al municipio de Alvarado, bloquearon la tarde de este lunes la vialidad en el bulevar Riviera Veracruzana, pues aquejan una falta de luz desde la madrugada.<\/p>\n\n\n\n<p>Decenas de lugare\u00f1os colocaron autom\u00f3viles y motocicletas para bloquear el carril que va del municipio de Boca del R\u00edo hacia la localidad de Ant\u00f3n Lizardo, misma que pertenece a Alvarado, pues se\u00f1alan que tras la tormenta de la madrugada del lunes se quedaron sin energ\u00eda el\u00e9ctrica.<\/p>\n\n\n\n<p>Seg\u00fan los reportes, el transformador que abastece de energ\u00eda el\u00e9ctrica en la localidad se da\u00f1\u00f3, adem\u00e1s de que se reventaron algunos cables debido a la sobre carga de energ\u00eda; aunado a ello, los ciudadanos reclaman que esto es una constante en el lugar, pues existe falta de mantenimiento del personal de Comisi\u00f3n Federal de Electricidad en la zona.<\/p>\n\n\n\n<p>Los vecinos molestos, se\u00f1alan que no es la primera vez que se quedan sin luz, pues durante los \u00faltimos meses, sobre todo desde que se iniciaron los trabajos de construcci\u00f3n del hotel <em>Best Western<\/em>, se sobre cargaba el transformador, hasta que esta vez, no aguant\u00f3 m\u00e1s y revent\u00f3.<\/p>\n\n\n\n<p>A los quejosos, el personal de Comisi\u00f3n Federal de Electricidad, no les dio un horario especific\u00f3 para volver a tener el suministro de energ\u00eda el\u00e9ctrica, por lo que decidieron manifestarse, pues muchas personas se ven afectadas sin luz en el lugar.<\/p>\n","protected":false},"excerpt":{"rendered":"<p>Alejandro \u00c1vila Alvarado, Ver. \u2013 Pobladores de la localidad La Aguada perteneciente al municipio de Alvarado, bloquearon la tarde de este lunes la vialidad en el bulevar Riviera Veracruzana, pues aquejan una falta de luz desde la madrugada. Decenas de lugare\u00f1os colocaron autom\u00f3viles y motocicletas para bloquear el carril que va del municipio de Boca [&hellip;]<\/p>\n","protected":false},"author":1,"featured_media":16379,"comment_status":"open","ping_status":"open","sticky":false,"template":"","format":"standard","meta":{"_jetpack_memberships_contains_paid_content":false,"footnotes":""},"categories":[2],"tags":[],"class_list":["post-16378","post","type-post","status-publish","format-standard","has-post-thumbnail","hentry","category-estado"],"jetpack_featured_media_url":"https:\/\/encuentroinformativo.com.mx\/wp-content\/uploads\/2021\/07\/A0FAC36B-7B3B-4355-A75E-945B5E847806.jpeg","jetpack_sharing_enabled":true,"jetpack_likes_enabled":true,"amp_enabled":true,"_links":{"self":[{"href":"https:\/\/encuentroinformativo.com.mx\/index.php?rest_route=\/wp\/v2\/posts\/16378","targetHints":{"allow":["GET"]}}],"collection":[{"href":"https:\/\/encuentroinformativo.com.mx\/index.php?rest_route=\/wp\/v2\/posts"}],"about":[{"href":"https:\/\/encuentroinformativo.com.mx\/index.php?rest_route=\/wp\/v2\/types\/post"}],"author":[{"embeddable":true,"href":"https:\/\/encuentroinformativo.com.mx\/index.php?rest_route=\/wp\/v2\/users\/1"}],"replies":[{"embeddable":true,"href":"https:\/\/encuentroinformativo.com.mx\/index.php?rest_route=%2Fwp%2Fv2%2Fcomments&post=16378"}],"version-history":[{"count":1,"href":"https:\/\/encuentroinformativo.com.mx\/index.php?rest_route=\/wp\/v2\/posts\/16378\/revisions"}],"predecessor-version":[{"id":16380,"href":"https:\/\/encuentroinformativo.com.mx\/index.php?rest_route=\/wp\/v2\/posts\/16378\/revisions\/16380"}],"wp:featuredmedia":[{"embeddable":true,"href":"https:\/\/encuentroinformativo.com.mx\/index.php?rest_route=\/wp\/v2\/media\/16379"}],"wp:attachment":[{"href":"https:\/\/encuentroinformativo.com.mx\/index.php?rest_route=%2Fwp%2Fv2%2Fmedia&parent=16378"}],"wp:term":[{"taxonomy":"category","embeddable":true,"href":"https:\/\/encuentroinformativo.com.mx\/index.php?rest_route=%2Fwp%2Fv2%2Fcategories&post=16378"},{"taxonomy":"post_tag","embeddable":true,"href":"https:\/\/encuentroinformativo.com.mx\/index.php?rest_route=%2Fwp%2Fv2%2Ftags&post=16378"}],"curies":[{"name":"wp","href":"https:\/\/api.w.org\/{rel}","templated":true}]}}