{"id":16401,"date":"2021-07-13T13:32:51","date_gmt":"2021-07-13T18:32:51","guid":{"rendered":"https:\/\/encuentroinformativo.com.mx\/?p=16401"},"modified":"2021-07-13T13:32:55","modified_gmt":"2021-07-13T18:32:55","slug":"restablecen-servicio-de-luz-en-la-rotonda","status":"publish","type":"post","link":"https:\/\/encuentroinformativo.com.mx\/?p=16401","title":{"rendered":"Restablecen servicio de luz en La Rotonda"},"content":{"rendered":"\n<p><strong>Juan Arcos<\/strong><\/p>\n\n\n\n<p>Xalapa, Ver.- Los m\u00e1s de 30 locatarios de la zona suroeste del mercado \u201cLa Rotonda\u201d, quienes llevan m\u00e1s de una semana sin luz, llegaron a un acuerdo con la Comisi\u00f3n Federal de Electricidad (CFE) para que el servicio sea restablecido durante esta semana.<\/p>\n\n\n\n<p>Cabe recordar que el servicio fue suspendido desde el pasado lunes 5 de julio, debido a un adeudo de m\u00e1s de 20 mil pesos que mantiene el ayuntamiento de Xalapa con la empresa.<\/p>\n\n\n\n<p>De acuerdo con Jos\u00e9 Marcelino Amaro Morales, secretario general del Sindicato de Vendedores Fijos y Semifijos, se ha dialogado con autoridades de CFE para que los locatarios del mercado \u201cAdolfo Ruiz Cortines\u201d accedan a contratos de energ\u00eda el\u00e9ctrica.<\/p>\n\n\n\n<p>\u201cEl ayuntamiento se lav\u00f3 las manos, dijo que ellos no pod\u00edan seguir manteniendo el pago de la luz y definitivamente con ellos no contamos\u201d.<\/p>\n\n\n\n<p>El l\u00edder de la Confederaci\u00f3n Revolucionaria de Obreros y Campesinos (CROC) indic\u00f3 que los locatarios se han organizado para vigilar los puestos durante las noches y evitar robos, ante la falta de luz.<\/p>\n\n\n\n<p>Los trabajadores venden frutas y verduras, pescados y mariscos, y otros alimentos; sin embargo, algunos decidieron cerrar sus puestos por la falta de ingresos.<\/p>\n\n\n\n<p>Adem\u00e1s, algunos comerciantes han registrado p\u00e9rdidas econ\u00f3micas, debido a que sus productos son perecederos y no han podido refrigerarlos.<\/p>\n\n\n\n<p>\u201cNos afecta porque no funcionan refrigerados, porque en la noche, por la oscuridad, da margen a que nuestros compa\u00f1eros sufran alg\u00fan robo\u201d.<\/p>\n\n\n\n<p>Amaro Morales record\u00f3 que en el a\u00f1o 2000, durante la administraci\u00f3n de Reynaldo Escobar P\u00e9rez, los m\u00e1s de 30 comerciantes fueron reubicados de la calle Abasolo al mercado \u201cLa Rotonda\u201d, con la promesa de que acceder\u00edan a los servicios b\u00e1sicos, como luz y agua, de manera gratuita.<\/p>\n\n\n\n<p>El dirigente de los vendedores indic\u00f3 que tambi\u00e9n ha sido constante la falta de agua para los comerciantes del \u00e1rea suroeste del mercado, toda vez que la administraci\u00f3n del recinto suspende el servicio cuando quiere.<\/p>\n\n\n\n<p>Finalmente, indic\u00f3 que el corte de la luz tambi\u00e9n se debi\u00f3 a los reclamos de la administraci\u00f3n del mercado, debido a que los vendedores de la CROC no pagaban dicho servicio por acuerdos con administraciones municipales anteriores.<\/p>\n","protected":false},"excerpt":{"rendered":"<p>Juan Arcos Xalapa, Ver.- Los m\u00e1s de 30 locatarios de la zona suroeste del mercado \u201cLa Rotonda\u201d, quienes llevan m\u00e1s de una semana sin luz, llegaron a un acuerdo con la Comisi\u00f3n Federal de Electricidad (CFE) para que el servicio sea restablecido durante esta semana. Cabe recordar que el servicio fue suspendido desde el pasado [&hellip;]<\/p>\n","protected":false},"author":1,"featured_media":16402,"comment_status":"open","ping_status":"open","sticky":false,"template":"","format":"standard","meta":{"_jetpack_memberships_contains_paid_content":false,"footnotes":""},"categories":[3],"tags":[],"class_list":["post-16401","post","type-post","status-publish","format-standard","has-post-thumbnail","hentry","category-xalapa"],"jetpack_featured_media_url":"https:\/\/encuentroinformativo.com.mx\/wp-content\/uploads\/2021\/07\/89718264-2B76-415F-B208-3E1509955885.jpeg","jetpack_sharing_enabled":true,"jetpack_likes_enabled":true,"amp_enabled":true,"_links":{"self":[{"href":"https:\/\/encuentroinformativo.com.mx\/index.php?rest_route=\/wp\/v2\/posts\/16401","targetHints":{"allow":["GET"]}}],"collection":[{"href":"https:\/\/encuentroinformativo.com.mx\/index.php?rest_route=\/wp\/v2\/posts"}],"about":[{"href":"https:\/\/encuentroinformativo.com.mx\/index.php?rest_route=\/wp\/v2\/types\/post"}],"author":[{"embeddable":true,"href":"https:\/\/encuentroinformativo.com.mx\/index.php?rest_route=\/wp\/v2\/users\/1"}],"replies":[{"embeddable":true,"href":"https:\/\/encuentroinformativo.com.mx\/index.php?rest_route=%2Fwp%2Fv2%2Fcomments&post=16401"}],"version-history":[{"count":1,"href":"https:\/\/encuentroinformativo.com.mx\/index.php?rest_route=\/wp\/v2\/posts\/16401\/revisions"}],"predecessor-version":[{"id":16403,"href":"https:\/\/encuentroinformativo.com.mx\/index.php?rest_route=\/wp\/v2\/posts\/16401\/revisions\/16403"}],"wp:featuredmedia":[{"embeddable":true,"href":"https:\/\/encuentroinformativo.com.mx\/index.php?rest_route=\/wp\/v2\/media\/16402"}],"wp:attachment":[{"href":"https:\/\/encuentroinformativo.com.mx\/index.php?rest_route=%2Fwp%2Fv2%2Fmedia&parent=16401"}],"wp:term":[{"taxonomy":"category","embeddable":true,"href":"https:\/\/encuentroinformativo.com.mx\/index.php?rest_route=%2Fwp%2Fv2%2Fcategories&post=16401"},{"taxonomy":"post_tag","embeddable":true,"href":"https:\/\/encuentroinformativo.com.mx\/index.php?rest_route=%2Fwp%2Fv2%2Ftags&post=16401"}],"curies":[{"name":"wp","href":"https:\/\/api.w.org\/{rel}","templated":true}]}}