{"id":16407,"date":"2021-07-13T14:54:51","date_gmt":"2021-07-13T19:54:51","guid":{"rendered":"https:\/\/encuentroinformativo.com.mx\/?p=16407"},"modified":"2021-07-13T14:54:55","modified_gmt":"2021-07-13T19:54:55","slug":"poder-judicial-no-enfrenta-deficit-acusan-abogados","status":"publish","type":"post","link":"https:\/\/encuentroinformativo.com.mx\/?p=16407","title":{"rendered":"Poder Judicial no enfrenta d\u00e9ficit, acusan abogados"},"content":{"rendered":"\n<p><strong>Dar\u00edo Pale<\/strong><\/p>\n\n\n\n<p>Xalapa, Ver.- El abogado postulante Rafael Hern\u00e1ndez Mat\u00edas dio a conocer que no hay d\u00e9ficit en el Poder Judicial, ya que finanzas no entreg\u00f3 2 por ciento del presupuesto global que les corresponde por ley.<\/p>\n\n\n\n<p>En conferencia de prensa realizada en conocido caf\u00e9, se\u00f1al\u00f3 que pese a que el titular del Ejecutivo se\u00f1ala que el Poder Judicial padece un d\u00e9ficit de m\u00e1s de 500 millones de pesos, la realidad es que la Secretar\u00eda de Finanzas no entrego a dicha soberan\u00eda mil millones de pesos de su presupuesto para el ejercicio 2021.<\/p>\n\n\n\n<p>Dio a conocer quien acompa\u00f1\u00f3 a la magistrada Concepci\u00f3n Flores Saviaga, que tanto el Poder Ejecutivo propuso un presupuesto para este a\u00f1o de menos de mil millones de pesos, no obstante record\u00f3 que la Constituci\u00f3n establece que el presupuesto del Poder Judicial debe contar con el 2 por ciento del presupuesto global.<\/p>\n\n\n\n<p>&#8220;No le dieron mil millones y por supuesto que va a tener problemas econ\u00f3micos el Poder Judicial, es decir, est\u00e1n menospreciado, es el patito feo el Poder Judicial&#8221;, opin\u00f3 el abogado.<\/p>\n\n\n\n<p>Lo que est\u00e1n buscando es hacer creer a la opini\u00f3n p\u00fablica que dicha soberan\u00eda no est\u00e1 manejando bien su presupuesto.<\/p>\n\n\n\n<p>Enfatiz\u00f3 que desde la Iniciativa M\u00e9rida se estableci\u00f3 que deb\u00eda haber recursos para echar a andar el nuevo sistema penal acusatorio y muchos de los terrenos en los que se establecieron las salas de juicios orales, as\u00ed como las ciudades judiciales fueron donados y hubo recursos internacionales que no se consideraron dentro del presupuesto del Poder Judicial de manera indebida.<\/p>\n\n\n\n<p>&#8220;Faltan mil millones que no se entregaron, es falso que haya un d\u00e9ficit o que haya un mal manejo, independientemente de que hay anomal\u00edas en las ciudades judiciales que se deben investigar&#8221;, acuso.<\/p>\n\n\n\n<p>Asimismo, mencion\u00f3 que los consejeros del Poder Ejecutivo como del Poder Legislativo cobran a cargo del presupuesto del Poder Judicial, cuando deber\u00edan cobrar de los poderes que los proponen.<\/p>\n\n\n\n<p>Finalmente dio a conocer que por ello, esto es algo que tambi\u00e9n se debe revisar, ya que esto estar\u00eda violando la autonom\u00eda del Poder Judicial porque tienen injerencia.<\/p>\n","protected":false},"excerpt":{"rendered":"<p>Dar\u00edo Pale Xalapa, Ver.- El abogado postulante Rafael Hern\u00e1ndez Mat\u00edas dio a conocer que no hay d\u00e9ficit en el Poder Judicial, ya que finanzas no entreg\u00f3 2 por ciento del presupuesto global que les corresponde por ley. En conferencia de prensa realizada en conocido caf\u00e9, se\u00f1al\u00f3 que pese a que el titular del Ejecutivo se\u00f1ala [&hellip;]<\/p>\n","protected":false},"author":1,"featured_media":16408,"comment_status":"open","ping_status":"open","sticky":false,"template":"","format":"standard","meta":{"_jetpack_memberships_contains_paid_content":false,"footnotes":""},"categories":[2],"tags":[],"class_list":["post-16407","post","type-post","status-publish","format-standard","has-post-thumbnail","hentry","category-estado"],"jetpack_featured_media_url":"https:\/\/encuentroinformativo.com.mx\/wp-content\/uploads\/2021\/07\/BD0A5F6F-63CE-46EE-90F0-07FC95221932.jpeg","jetpack_sharing_enabled":true,"jetpack_likes_enabled":true,"amp_enabled":true,"_links":{"self":[{"href":"https:\/\/encuentroinformativo.com.mx\/index.php?rest_route=\/wp\/v2\/posts\/16407","targetHints":{"allow":["GET"]}}],"collection":[{"href":"https:\/\/encuentroinformativo.com.mx\/index.php?rest_route=\/wp\/v2\/posts"}],"about":[{"href":"https:\/\/encuentroinformativo.com.mx\/index.php?rest_route=\/wp\/v2\/types\/post"}],"author":[{"embeddable":true,"href":"https:\/\/encuentroinformativo.com.mx\/index.php?rest_route=\/wp\/v2\/users\/1"}],"replies":[{"embeddable":true,"href":"https:\/\/encuentroinformativo.com.mx\/index.php?rest_route=%2Fwp%2Fv2%2Fcomments&post=16407"}],"version-history":[{"count":1,"href":"https:\/\/encuentroinformativo.com.mx\/index.php?rest_route=\/wp\/v2\/posts\/16407\/revisions"}],"predecessor-version":[{"id":16409,"href":"https:\/\/encuentroinformativo.com.mx\/index.php?rest_route=\/wp\/v2\/posts\/16407\/revisions\/16409"}],"wp:featuredmedia":[{"embeddable":true,"href":"https:\/\/encuentroinformativo.com.mx\/index.php?rest_route=\/wp\/v2\/media\/16408"}],"wp:attachment":[{"href":"https:\/\/encuentroinformativo.com.mx\/index.php?rest_route=%2Fwp%2Fv2%2Fmedia&parent=16407"}],"wp:term":[{"taxonomy":"category","embeddable":true,"href":"https:\/\/encuentroinformativo.com.mx\/index.php?rest_route=%2Fwp%2Fv2%2Fcategories&post=16407"},{"taxonomy":"post_tag","embeddable":true,"href":"https:\/\/encuentroinformativo.com.mx\/index.php?rest_route=%2Fwp%2Fv2%2Ftags&post=16407"}],"curies":[{"name":"wp","href":"https:\/\/api.w.org\/{rel}","templated":true}]}}