{"id":16413,"date":"2021-07-13T16:10:10","date_gmt":"2021-07-13T21:10:10","guid":{"rendered":"https:\/\/encuentroinformativo.com.mx\/?p=16413"},"modified":"2021-07-13T16:10:15","modified_gmt":"2021-07-13T21:10:15","slug":"buque-colombiano-gloria-abrira-al-publico","status":"publish","type":"post","link":"https:\/\/encuentroinformativo.com.mx\/?p=16413","title":{"rendered":"Buque colombiano &#8220;Gloria&#8221; abrir\u00e1 al p\u00fablico"},"content":{"rendered":"\n<p><strong>Alejandro \u00c1vila<\/strong><\/p>\n\n\n\n<p>Veracruz, Ver.- Tras casi dos d\u00edas de permanecer cerrado al p\u00fablico el buque escuela colombiano &#8220;ARC Gloria&#8221;, finalmente ser\u00e1 abierto nuevamente al p\u00fablico, inform\u00f3 el director de Turismo de Veracruz, Jos\u00e9 Antonio Salvatori Arjona.<\/p>\n\n\n\n<p>El funcionario municipal, agradeci\u00f3 el apoyo recibido por el sub secretario de Turismo Estatal, Iv\u00e1n Francisco Mart\u00ednez Olvera, quien apoy\u00f3 en la gesti\u00f3n para lograr que los visitantes pudieran apreciar nuevamente el nav\u00edo colombiano.<\/p>\n\n\n\n<p>&#8220;El d\u00eda de hoy estuvimos en contacto con el sub secretario Iv\u00e1n Mart\u00ednez, sub secretario de Promoci\u00f3n y Atenci\u00f3n Turistica de Gobierno del Estado, y le solicitamos si pod\u00eda realizar alguna gesti\u00f3n con la secretar\u00eda de Salud, para que todos los turistas que nos est\u00e1n visitando en estas vaciones de verano, pudieran por lo menos disfrutar el d\u00eda de hoy y el d\u00eda de ma\u00f1ana lo que es el buque Gloria que nos visita desde el pa\u00eds de Colombia&#8221;, declar\u00f3 Salvatori Arjona.<\/p>\n\n\n\n<p>El director de Turismo, mencion\u00f3 que los horarios de visita se extendieron para que la ciudadan\u00eda pueda disfrutar del buque unas horas m\u00e1s; por lo que a partir de este martes a las 15 horas y hasta las 22 horas podr\u00e1n subir a la embarcaci\u00f3n.<\/p>\n\n\n\n<p>Mientras que el miercoles, en horario de 9 de la ma\u00f1ana a 2 de la tarde, pues despu\u00e9s zarpar\u00e1 a un nuevo destino.<\/p>\n\n\n\n<p>Una de las nuevas disposiciones, es que solo se permitir\u00e1 un aforo del 50 por ciento de personas, y deber\u00e1n cuidar las medidas sanitarias; todo esto, ya con el aval de la Secretar\u00eda de Salud de Veracruz.<\/p>\n","protected":false},"excerpt":{"rendered":"<p>Alejandro \u00c1vila Veracruz, Ver.- Tras casi dos d\u00edas de permanecer cerrado al p\u00fablico el buque escuela colombiano &#8220;ARC Gloria&#8221;, finalmente ser\u00e1 abierto nuevamente al p\u00fablico, inform\u00f3 el director de Turismo de Veracruz, Jos\u00e9 Antonio Salvatori Arjona. El funcionario municipal, agradeci\u00f3 el apoyo recibido por el sub secretario de Turismo Estatal, Iv\u00e1n Francisco Mart\u00ednez Olvera, quien [&hellip;]<\/p>\n","protected":false},"author":1,"featured_media":16414,"comment_status":"open","ping_status":"open","sticky":false,"template":"","format":"standard","meta":{"_jetpack_memberships_contains_paid_content":false,"footnotes":""},"categories":[2],"tags":[],"class_list":["post-16413","post","type-post","status-publish","format-standard","has-post-thumbnail","hentry","category-estado"],"jetpack_featured_media_url":"https:\/\/encuentroinformativo.com.mx\/wp-content\/uploads\/2021\/07\/5A231D63-9CC1-4FB7-9490-FB227BEC1E68.jpeg","jetpack_sharing_enabled":true,"jetpack_likes_enabled":true,"amp_enabled":true,"_links":{"self":[{"href":"https:\/\/encuentroinformativo.com.mx\/index.php?rest_route=\/wp\/v2\/posts\/16413","targetHints":{"allow":["GET"]}}],"collection":[{"href":"https:\/\/encuentroinformativo.com.mx\/index.php?rest_route=\/wp\/v2\/posts"}],"about":[{"href":"https:\/\/encuentroinformativo.com.mx\/index.php?rest_route=\/wp\/v2\/types\/post"}],"author":[{"embeddable":true,"href":"https:\/\/encuentroinformativo.com.mx\/index.php?rest_route=\/wp\/v2\/users\/1"}],"replies":[{"embeddable":true,"href":"https:\/\/encuentroinformativo.com.mx\/index.php?rest_route=%2Fwp%2Fv2%2Fcomments&post=16413"}],"version-history":[{"count":1,"href":"https:\/\/encuentroinformativo.com.mx\/index.php?rest_route=\/wp\/v2\/posts\/16413\/revisions"}],"predecessor-version":[{"id":16415,"href":"https:\/\/encuentroinformativo.com.mx\/index.php?rest_route=\/wp\/v2\/posts\/16413\/revisions\/16415"}],"wp:featuredmedia":[{"embeddable":true,"href":"https:\/\/encuentroinformativo.com.mx\/index.php?rest_route=\/wp\/v2\/media\/16414"}],"wp:attachment":[{"href":"https:\/\/encuentroinformativo.com.mx\/index.php?rest_route=%2Fwp%2Fv2%2Fmedia&parent=16413"}],"wp:term":[{"taxonomy":"category","embeddable":true,"href":"https:\/\/encuentroinformativo.com.mx\/index.php?rest_route=%2Fwp%2Fv2%2Fcategories&post=16413"},{"taxonomy":"post_tag","embeddable":true,"href":"https:\/\/encuentroinformativo.com.mx\/index.php?rest_route=%2Fwp%2Fv2%2Ftags&post=16413"}],"curies":[{"name":"wp","href":"https:\/\/api.w.org\/{rel}","templated":true}]}}