{"id":16419,"date":"2021-07-13T19:17:28","date_gmt":"2021-07-14T00:17:28","guid":{"rendered":"https:\/\/encuentroinformativo.com.mx\/?p=16419"},"modified":"2021-07-13T19:17:32","modified_gmt":"2021-07-14T00:17:32","slug":"radio-teocelo-recibe-reconocimiento-en-bienal-internacional","status":"publish","type":"post","link":"https:\/\/encuentroinformativo.com.mx\/?p=16419","title":{"rendered":"Radio Teocelo recibe reconocimiento en Bienal Internacional"},"content":{"rendered":"\n<p><strong>Juan Arcos<\/strong> <\/p>\n\n\n\n<p>Xalapa, Ver.- Radio Teocelo, una de las \u00fanicas radios comunitarias de Veracruz, obtuvo un reconocimiento que fue otorgado en el marco de la Decimotercera Bienal Internacional de Radio.<\/p>\n\n\n\n<p>Mariana Riveros Pozos, directora general de Radio Teocelo, indic\u00f3 que los ejes de esta edici\u00f3n de la Bienal fueron: diversidad ling\u00fc\u00edstica, medios comunitarios y desarrollo sostenible.<\/p>\n\n\n\n<p>El medio de comunicaci\u00f3n comunitario de Teocelo, municipio ubicado a 26 kil\u00f3metros de Xalapa, recibi\u00f3 una carta el pasado 16 de junio donde se le informaba que ser\u00edan distinguidas tres radios comunitarias pioneras de todo M\u00e9xico, entre ellas Radio Teocelo.<\/p>\n\n\n\n<p>\u201cPor su invaluable aportaci\u00f3n a la educaci\u00f3n, la cultura, el periodismo \u00e9tico y el impulso al trabajo comunitario en beneficio de la sociedad\u201d, se lee en el reconocimiento otorgado por la Secretar\u00eda de Cultura y Radio Educaci\u00f3n.<\/p>\n\n\n\n<p>La entrega de la distinci\u00f3n se llev\u00f3 a cabo el lunes 12 de julio en el Complejo Cultural Los Pinos, en la Ciudad de M\u00e9xico.<\/p>\n\n\n\n<p>\u201cHubo otras dos experiencias de radio, otra de ellas de aqu\u00ed de Veracruz, que es Radio Huaya y Radio la Voz de la Monta\u00f1a\u201d, coment\u00f3 Riveros Pozos.<\/p>\n\n\n\n<p>La Directora consider\u00f3 que el reconocimiento es de gran relevancia para Radio Teocelo, pues exhibe el trabajo realizado durante 55 a\u00f1os, desde su fundaci\u00f3n, previo a su quincuag\u00e9simo sexto aniversario a celebrarse en septiembre pr\u00f3ximo.<\/p>\n\n\n\n<p>\u201cNos llega en un muy buen momento, es un gesto de mucho aliento, de esperanza, que nos anima a seguir haciendo comunicaci\u00f3n comunitaria. Llega en un momento significativo porque estamos en un momento de relevo generacional aqu\u00ed en la radio, no ha sido f\u00e1cil poder consolidar esta etapa de transici\u00f3n\u201d.<\/p>\n\n\n\n<p>Mariana record\u00f3 que en la actualidad conviven varias generaciones en la radio comunitaria, sobre todo locutoras y locutores de la \u201cvieja guardia\u201d -de 30 o 40 a\u00f1os de servicio- con sus compa\u00f1eros de reciente ingreso.<\/p>\n\n\n\n<p>\u201cEste reconocimiento representa tambi\u00e9n mucho aliento porque venimos saliendo de una cobertura electoral, de campa\u00f1as electorales y todo esto que se mueve en elecciones municipales que acabamos de vivir aqu\u00ed en Teocelo y en la regi\u00f3n, donde la radio al estar informando y compartiendo lo que se genera, toca fibras sensibles, a actores pol\u00edticos, a candidatas, candidatos, precandidatas, precandidatos, partidos y la radio sale muy golpeada\u201d.<\/p>\n\n\n\n<p>Indic\u00f3 que la clase pol\u00edtica siempre ha intentado de humillar y menospreciar a la radio comunitaria; sin embargo, los pobladores han estado de su lado.<\/p>\n\n\n\n<p>\u201cEstamos demostrando que todas aquellas calumnias y desprestigios que se generaron al calor de una elecci\u00f3n se vienen abajo con una distinci\u00f3n de este tipo\u201d.<\/p>\n\n\n\n<p>Radio Teocelo trabaja con esmero en la transici\u00f3n del sistema anal\u00f3gico al digital y seguir\u00e1 informando durante muchos a\u00f1os m\u00e1s; sin embargo, hay medios comunitarios que luchan por espacios en el espectro radioel\u00e9ctrico, cuando tienen el mismo derecho que la radio p\u00fablica y comercial.<\/p>\n","protected":false},"excerpt":{"rendered":"<p>Juan Arcos Xalapa, Ver.- Radio Teocelo, una de las \u00fanicas radios comunitarias de Veracruz, obtuvo un reconocimiento que fue otorgado en el marco de la Decimotercera Bienal Internacional de Radio. Mariana Riveros Pozos, directora general de Radio Teocelo, indic\u00f3 que los ejes de esta edici\u00f3n de la Bienal fueron: diversidad ling\u00fc\u00edstica, medios comunitarios y desarrollo [&hellip;]<\/p>\n","protected":false},"author":1,"featured_media":16420,"comment_status":"open","ping_status":"open","sticky":false,"template":"","format":"standard","meta":{"_jetpack_memberships_contains_paid_content":false,"footnotes":""},"categories":[8],"tags":[],"class_list":["post-16419","post","type-post","status-publish","format-standard","has-post-thumbnail","hentry","category-region"],"jetpack_featured_media_url":"https:\/\/encuentroinformativo.com.mx\/wp-content\/uploads\/2021\/07\/10211DD0-2B98-4769-AE6F-063D1AEAA136.jpeg","jetpack_sharing_enabled":true,"jetpack_likes_enabled":true,"amp_enabled":true,"_links":{"self":[{"href":"https:\/\/encuentroinformativo.com.mx\/index.php?rest_route=\/wp\/v2\/posts\/16419","targetHints":{"allow":["GET"]}}],"collection":[{"href":"https:\/\/encuentroinformativo.com.mx\/index.php?rest_route=\/wp\/v2\/posts"}],"about":[{"href":"https:\/\/encuentroinformativo.com.mx\/index.php?rest_route=\/wp\/v2\/types\/post"}],"author":[{"embeddable":true,"href":"https:\/\/encuentroinformativo.com.mx\/index.php?rest_route=\/wp\/v2\/users\/1"}],"replies":[{"embeddable":true,"href":"https:\/\/encuentroinformativo.com.mx\/index.php?rest_route=%2Fwp%2Fv2%2Fcomments&post=16419"}],"version-history":[{"count":1,"href":"https:\/\/encuentroinformativo.com.mx\/index.php?rest_route=\/wp\/v2\/posts\/16419\/revisions"}],"predecessor-version":[{"id":16421,"href":"https:\/\/encuentroinformativo.com.mx\/index.php?rest_route=\/wp\/v2\/posts\/16419\/revisions\/16421"}],"wp:featuredmedia":[{"embeddable":true,"href":"https:\/\/encuentroinformativo.com.mx\/index.php?rest_route=\/wp\/v2\/media\/16420"}],"wp:attachment":[{"href":"https:\/\/encuentroinformativo.com.mx\/index.php?rest_route=%2Fwp%2Fv2%2Fmedia&parent=16419"}],"wp:term":[{"taxonomy":"category","embeddable":true,"href":"https:\/\/encuentroinformativo.com.mx\/index.php?rest_route=%2Fwp%2Fv2%2Fcategories&post=16419"},{"taxonomy":"post_tag","embeddable":true,"href":"https:\/\/encuentroinformativo.com.mx\/index.php?rest_route=%2Fwp%2Fv2%2Ftags&post=16419"}],"curies":[{"name":"wp","href":"https:\/\/api.w.org\/{rel}","templated":true}]}}