{"id":1642,"date":"2020-04-06T12:54:19","date_gmt":"2020-04-06T17:54:19","guid":{"rendered":"https:\/\/encuentroinformativo.com\/?p=1642"},"modified":"2020-04-06T12:54:21","modified_gmt":"2020-04-06T17:54:21","slug":"inicia-ecologista-universal-peregrinacion-a-laguna-verde","status":"publish","type":"post","link":"https:\/\/encuentroinformativo.com.mx\/?p=1642","title":{"rendered":"Inicia Ecologista Universal peregrinaci\u00f3n a Laguna Verde"},"content":{"rendered":"\n<p><strong>Juan Arcos <\/strong><\/p>\n\n\n\n<p>Xalapa, Ver.- Como cada a\u00f1o consecutivo, el Ecologista Universal peregrinar\u00e1 hasta la Planta Nucleoel\u00e9ctrica de Laguna Verde con una cruz en su espalda para exigir al gobierno estatal y federal que supervise la operaci\u00f3n de la misma para evitar alg\u00fan accidente.<\/p>\n\n\n\n<p>El ambientalista consider\u00f3 que la contingencia sanitaria por el coronavirus no es un impedimento y, por ello, esta Semana Santa llevar\u00e1 a cabo su manifestaci\u00f3n.<\/p>\n\n\n\n<p>\u201cEl objetivo es llegar a Laguna Verde y dirigirnos al presidente de la Rep\u00fablica, Andr\u00e9s Manuel L\u00f3pez Obrador, para que vea por el lado humano, de vida, y que cancele definitivamente esa planta nuclear\u201d.<\/p>\n\n\n\n<p>El entrevistado mencion\u00f3 que ser\u00e1n respetadas las recomendaciones de la campa\u00f1a \u201cSana distancia\u201d entre quienes participen en la peregrinaci\u00f3n.&nbsp;<br><br>\u201cTambi\u00e9n nos dirigimos al se\u00f1or gobernador Cuitl\u00e1huac Garc\u00eda para que vea, que se haga una investigaci\u00f3n a fondo para ver en qu\u00e9 condiciones est\u00e1 operando la planta de Laguna Verde\u201d.<\/p>\n\n\n\n<p>Cabe mencionar que Laguna Verde es la \u00fanica central nuclear de generaci\u00f3n el\u00e9ctrica en M\u00e9xico, se encuentra en el municipio de Alto Lucero de Guti\u00e9rrez Barrios y es operada por la Comisi\u00f3n Federal de Electricidad (CFE).<\/p>\n\n\n\n<p><\/p>\n\n\n\n<p><\/p>\n","protected":false},"excerpt":{"rendered":"<p>Juan Arcos Xalapa, Ver.- Como cada a\u00f1o consecutivo, el Ecologista Universal peregrinar\u00e1 hasta la Planta Nucleoel\u00e9ctrica de Laguna Verde con una cruz en su espalda para exigir al gobierno estatal y federal que supervise la operaci\u00f3n de la misma para evitar alg\u00fan accidente. El ambientalista consider\u00f3 que la contingencia sanitaria por el coronavirus no es [&hellip;]<\/p>\n","protected":false},"author":1,"featured_media":1643,"comment_status":"open","ping_status":"open","sticky":false,"template":"","format":"standard","meta":{"_jetpack_memberships_contains_paid_content":false,"footnotes":""},"categories":[2],"tags":[],"class_list":["post-1642","post","type-post","status-publish","format-standard","has-post-thumbnail","hentry","category-estado"],"jetpack_featured_media_url":"https:\/\/encuentroinformativo.com.mx\/wp-content\/uploads\/2020\/04\/C29B0890-0DC2-4624-BD15-4311982AD6D0.jpeg","jetpack_sharing_enabled":true,"jetpack_likes_enabled":true,"amp_enabled":true,"_links":{"self":[{"href":"https:\/\/encuentroinformativo.com.mx\/index.php?rest_route=\/wp\/v2\/posts\/1642","targetHints":{"allow":["GET"]}}],"collection":[{"href":"https:\/\/encuentroinformativo.com.mx\/index.php?rest_route=\/wp\/v2\/posts"}],"about":[{"href":"https:\/\/encuentroinformativo.com.mx\/index.php?rest_route=\/wp\/v2\/types\/post"}],"author":[{"embeddable":true,"href":"https:\/\/encuentroinformativo.com.mx\/index.php?rest_route=\/wp\/v2\/users\/1"}],"replies":[{"embeddable":true,"href":"https:\/\/encuentroinformativo.com.mx\/index.php?rest_route=%2Fwp%2Fv2%2Fcomments&post=1642"}],"version-history":[{"count":1,"href":"https:\/\/encuentroinformativo.com.mx\/index.php?rest_route=\/wp\/v2\/posts\/1642\/revisions"}],"predecessor-version":[{"id":1644,"href":"https:\/\/encuentroinformativo.com.mx\/index.php?rest_route=\/wp\/v2\/posts\/1642\/revisions\/1644"}],"wp:featuredmedia":[{"embeddable":true,"href":"https:\/\/encuentroinformativo.com.mx\/index.php?rest_route=\/wp\/v2\/media\/1643"}],"wp:attachment":[{"href":"https:\/\/encuentroinformativo.com.mx\/index.php?rest_route=%2Fwp%2Fv2%2Fmedia&parent=1642"}],"wp:term":[{"taxonomy":"category","embeddable":true,"href":"https:\/\/encuentroinformativo.com.mx\/index.php?rest_route=%2Fwp%2Fv2%2Fcategories&post=1642"},{"taxonomy":"post_tag","embeddable":true,"href":"https:\/\/encuentroinformativo.com.mx\/index.php?rest_route=%2Fwp%2Fv2%2Ftags&post=1642"}],"curies":[{"name":"wp","href":"https:\/\/api.w.org\/{rel}","templated":true}]}}