{"id":16422,"date":"2021-07-13T20:38:45","date_gmt":"2021-07-14T01:38:45","guid":{"rendered":"https:\/\/encuentroinformativo.com.mx\/?p=16422"},"modified":"2021-07-13T20:38:52","modified_gmt":"2021-07-14T01:38:52","slug":"familiares-buscan-a-don-zenon-desaparecido-en-papantla","status":"publish","type":"post","link":"https:\/\/encuentroinformativo.com.mx\/?p=16422","title":{"rendered":"Familiares buscan a don Zen\u00f3n desaparecido en Papantla"},"content":{"rendered":"\n<p><strong>Juan Arcos<\/strong> <\/p>\n\n\n\n<p>Xalapa, Ver.- Zen\u00f3n L\u00f3pez Ju\u00e1rez, de 47 a\u00f1os, sali\u00f3 del municipio de Papantla rumbo a Poza Rica, en la zona norte del estado de Veracruz, y desapareci\u00f3.<\/p>\n\n\n\n<p>Su familia ha iniciado una b\u00fasqueda en redes sociales y en la mencionada regi\u00f3n para localizarlo con vida.<\/p>\n\n\n\n<p>El se\u00f1or es originario de la localidad Plan de Palmar, municipio de Papantla, una zona reconocida a nivel internacional por la realizaci\u00f3n del Festival Cumbre Taj\u00edn en primavera.<\/p>\n\n\n\n<p>A las 13:00 horas del pasado 8 de julio sali\u00f3 de su vivienda para viajar 23 kil\u00f3metros y llevar a cabo unos pendientes en la ciudad petrolera de Poza Rica.<\/p>\n\n\n\n<p>Sus familiares comentaron que don Zen\u00f3n se hab\u00eda trasladado para llevar a cabo algunas compras; sin embargo, desconocen si lleg\u00f3 a su destino. Pero a casa no volvi\u00f3.<\/p>\n\n\n\n<p>Este martes se cumplieron cinco d\u00edas de su desaparici\u00f3n. Sus parientes han recorrido hospitales y reclusorios de ambos municipios, sin dar con su paradero.<\/p>\n\n\n\n<p>Se trata de una persona con estatura de un metro y 70 cent\u00edmetros, tes morena y cabello negro y lacio.<\/p>\n\n\n\n<p>El \u00faltimo d\u00eda que fue visto por sus familiares, portaba un pantal\u00f3n negro, camisa de manga larga, color gris, as\u00ed como tambi\u00e9n, tenis, color caf\u00e9, y un pa\u00f1uelo.<\/p>\n\n\n\n<p>Las personas que tengan informaci\u00f3n sobre su paradero pueden comunicarse a los n\u00fameros telef\u00f3nicos 7821214227, 7821886413 y 7821427159.<\/p>\n","protected":false},"excerpt":{"rendered":"<p>Juan Arcos Xalapa, Ver.- Zen\u00f3n L\u00f3pez Ju\u00e1rez, de 47 a\u00f1os, sali\u00f3 del municipio de Papantla rumbo a Poza Rica, en la zona norte del estado de Veracruz, y desapareci\u00f3. Su familia ha iniciado una b\u00fasqueda en redes sociales y en la mencionada regi\u00f3n para localizarlo con vida. El se\u00f1or es originario de la localidad Plan [&hellip;]<\/p>\n","protected":false},"author":1,"featured_media":16423,"comment_status":"open","ping_status":"open","sticky":false,"template":"","format":"standard","meta":{"_jetpack_memberships_contains_paid_content":false,"footnotes":""},"categories":[2],"tags":[],"class_list":["post-16422","post","type-post","status-publish","format-standard","has-post-thumbnail","hentry","category-estado"],"jetpack_featured_media_url":"https:\/\/encuentroinformativo.com.mx\/wp-content\/uploads\/2021\/07\/CE4F97F6-C304-47EA-8AC1-6E1896B1D438.jpeg","jetpack_sharing_enabled":true,"jetpack_likes_enabled":true,"amp_enabled":true,"_links":{"self":[{"href":"https:\/\/encuentroinformativo.com.mx\/index.php?rest_route=\/wp\/v2\/posts\/16422","targetHints":{"allow":["GET"]}}],"collection":[{"href":"https:\/\/encuentroinformativo.com.mx\/index.php?rest_route=\/wp\/v2\/posts"}],"about":[{"href":"https:\/\/encuentroinformativo.com.mx\/index.php?rest_route=\/wp\/v2\/types\/post"}],"author":[{"embeddable":true,"href":"https:\/\/encuentroinformativo.com.mx\/index.php?rest_route=\/wp\/v2\/users\/1"}],"replies":[{"embeddable":true,"href":"https:\/\/encuentroinformativo.com.mx\/index.php?rest_route=%2Fwp%2Fv2%2Fcomments&post=16422"}],"version-history":[{"count":1,"href":"https:\/\/encuentroinformativo.com.mx\/index.php?rest_route=\/wp\/v2\/posts\/16422\/revisions"}],"predecessor-version":[{"id":16424,"href":"https:\/\/encuentroinformativo.com.mx\/index.php?rest_route=\/wp\/v2\/posts\/16422\/revisions\/16424"}],"wp:featuredmedia":[{"embeddable":true,"href":"https:\/\/encuentroinformativo.com.mx\/index.php?rest_route=\/wp\/v2\/media\/16423"}],"wp:attachment":[{"href":"https:\/\/encuentroinformativo.com.mx\/index.php?rest_route=%2Fwp%2Fv2%2Fmedia&parent=16422"}],"wp:term":[{"taxonomy":"category","embeddable":true,"href":"https:\/\/encuentroinformativo.com.mx\/index.php?rest_route=%2Fwp%2Fv2%2Fcategories&post=16422"},{"taxonomy":"post_tag","embeddable":true,"href":"https:\/\/encuentroinformativo.com.mx\/index.php?rest_route=%2Fwp%2Fv2%2Ftags&post=16422"}],"curies":[{"name":"wp","href":"https:\/\/api.w.org\/{rel}","templated":true}]}}