{"id":16429,"date":"2021-07-14T11:51:10","date_gmt":"2021-07-14T16:51:10","guid":{"rendered":"https:\/\/encuentroinformativo.com.mx\/?p=16429"},"modified":"2021-07-14T11:51:14","modified_gmt":"2021-07-14T16:51:14","slug":"cubanos-demandan-alto-a-la-represion-en-su-pais","status":"publish","type":"post","link":"https:\/\/encuentroinformativo.com.mx\/?p=16429","title":{"rendered":"Cubanos demandan alto a la represi\u00f3n en su pa\u00eds"},"content":{"rendered":"\n<p><strong>Dar\u00edo Pale<\/strong> <\/p>\n\n\n\n<p>Xalapa, Ver.- Un grupo de cubanos se manifest\u00f3 este mi\u00e9rcoles en Xalapa contra el control militar que mantiene el presidente Miguel Diez-Canel en su pa\u00eds y la represi\u00f3n a los opositores a la dictadura que inici\u00f3 Fidel Castro tras el triunfo de la Revoluci\u00f3n Cubana.<\/p>\n\n\n\n<p>Lamentaron que tras las protestas civiles que iniciaron el pasado 11 de julio en oposici\u00f3n al r\u00e9gimen, en Cuba haya actualmente la interrupci\u00f3n de servicios b\u00e1sicos como el agua, acceso a alimentos o medicamentos e internet.<\/p>\n\n\n\n<p>Por lo anterior cubanos radicados en nuestro estado exigieron un cese a la dictadura del gobierno de Miguel D\u00edaz-Canel y al mismo tiempo, festejaron que despu\u00e9s de 63 a\u00f1os el pueblo que ha padecido hambre y falta de medicinas, &#8220;est\u00e1n en las calles siendo masacrados&#8221;.<\/p>\n\n\n\n<p>Narbi de la Caridad Aguila Carrasco se\u00f1al\u00f3 que &#8220;Hoy para m\u00ed es una gran fiesta nacional en el sentido de que en 63 a\u00f1os, los cubanos ah\u00ed, con hambre y sin medicinas est\u00e1n en las calles, siendo masacrados, pero al fin&#8230;eso quiere decir que las condiciones objetivas y subjetivas est\u00e1n en su tope&#8221;.<\/p>\n\n\n\n<p>&#8220;Ante la preocupante situaci\u00f3n que vive hoy nuestro pa\u00eds, nosotros, un grupo de residentes cubanos en Xalapa, condenamos la ola de represi\u00f3n desplegada por la dictadura de Miguel Diez-Canel, la cual constituye una flagrante violaci\u00f3n de los derechos humanos de los cubanos&#8221;, se\u00f1alaron.<\/p>\n\n\n\n<p>&#8220;Consideramos que es una verdad evidente, que la causa de los males que hoy flagelan a Cuba es el sistema obsoleto, totalitario e ineficiente, controlado por el Partido Comunista de Cuba, el cual auspicia la econom\u00eda mediante obstaculizaci\u00f3n y militarizaci\u00f3n de todos los sectores del gobierno&#8221; agregaron.<\/p>\n\n\n\n<p>Un poco en tono de broma, la se\u00f1ora Narbi asegur\u00f3 que hay miles de historias de los cubanos que si se conocieran &#8220;la Rosa de Guadalupe se quedar\u00eda pendeja&#8221;.<\/p>\n\n\n\n<p>Por su parte, Julio Vega mostr\u00f3 fotos en donde se aprecia que a los soldados se les brinda una comida mientras que al pueblo no se le da igual, &#8220;En M\u00e9xico hay problemas, pero es libre en su expresi\u00f3n, all\u00e1 si hacemos esto, llega la polic\u00eda y nos lleva presos a todos, porque no hay libertad de expresi\u00f3n&#8221;.<\/p>\n\n\n\n<p>Explicaron que la \u00fanica soluci\u00f3n es la democracia, aunque reconocen que las revueltas civiles no podr\u00edan lograr vencer al Ej\u00e9rcito de Cuba y a la dictadura.<\/p>\n\n\n\n<p>&#8220;Exigimos que se garanticen los derechos de manifestaci\u00f3n, reuni\u00f3n y prensa para todos los cubanos. No m\u00e1s represi\u00f3n, no m\u00e1s dictadura. Viva Cuba libre&#8221;.<\/p>\n\n\n\n<p>Subrayaron que en esta ocasi\u00f3n M\u00e9xico y sus habitantes no pueden apoyar enviando alimentos, pues se trata de una situaci\u00f3n de pol\u00edtica interna.<\/p>\n\n\n\n<p>&#8220;La ayuda humanitaria puede llegar, pero no va a ser distribuida a los disidentes. En todo caso, llegar\u00eda a los militares que est\u00e1n defendiendo el r\u00e9gimen \u00a0No estamos pidiendo ayuda humanitaria, estamos pidiendo al menos que se sepa la verdad de lo que est\u00e1 sucediendo en Cuba&#8221;, comentaron.<\/p>\n\n\n\n<p>Finalmente, Narbi a\u00f1adi\u00f3 que un papel fundamental del nuevo levantamiento ha sido el Internet, porque ha sido una herramienta para dar a conocer lo que pasa, &#8220;porque eso da poder, por eso lo quitaron, para que el mundo no conozca lo que est\u00e1 pasando, am\u00e9n de que quitaron la luz para no poder cargarlos (los celulares)&#8221;.<\/p>\n\n\n\n<figure class=\"wp-block-image size-large\"><img loading=\"lazy\" decoding=\"async\" width=\"1024\" height=\"768\" src=\"https:\/\/encuentroinformativo.com.mx\/wp-content\/uploads\/2021\/07\/5A8A56F3-CD79-428E-BA42-9E30F82C6A28-1024x768.jpeg\" alt=\"\" class=\"wp-image-16431\" srcset=\"https:\/\/encuentroinformativo.com.mx\/wp-content\/uploads\/2021\/07\/5A8A56F3-CD79-428E-BA42-9E30F82C6A28-1024x768.jpeg 1024w, https:\/\/encuentroinformativo.com.mx\/wp-content\/uploads\/2021\/07\/5A8A56F3-CD79-428E-BA42-9E30F82C6A28-300x225.jpeg 300w, https:\/\/encuentroinformativo.com.mx\/wp-content\/uploads\/2021\/07\/5A8A56F3-CD79-428E-BA42-9E30F82C6A28-768x576.jpeg 768w, https:\/\/encuentroinformativo.com.mx\/wp-content\/uploads\/2021\/07\/5A8A56F3-CD79-428E-BA42-9E30F82C6A28-1536x1152.jpeg 1536w, https:\/\/encuentroinformativo.com.mx\/wp-content\/uploads\/2021\/07\/5A8A56F3-CD79-428E-BA42-9E30F82C6A28.jpeg 1600w\" sizes=\"auto, (max-width: 1024px) 100vw, 1024px\" \/><\/figure>\n","protected":false},"excerpt":{"rendered":"<p>Dar\u00edo Pale Xalapa, Ver.- Un grupo de cubanos se manifest\u00f3 este mi\u00e9rcoles en Xalapa contra el control militar que mantiene el presidente Miguel Diez-Canel en su pa\u00eds y la represi\u00f3n a los opositores a la dictadura que inici\u00f3 Fidel Castro tras el triunfo de la Revoluci\u00f3n Cubana. Lamentaron que tras las protestas civiles que iniciaron [&hellip;]<\/p>\n","protected":false},"author":1,"featured_media":16430,"comment_status":"open","ping_status":"open","sticky":false,"template":"","format":"standard","meta":{"_jetpack_memberships_contains_paid_content":false,"footnotes":""},"categories":[13],"tags":[],"class_list":["post-16429","post","type-post","status-publish","format-standard","has-post-thumbnail","hentry","category-internacional"],"jetpack_featured_media_url":"https:\/\/encuentroinformativo.com.mx\/wp-content\/uploads\/2021\/07\/4D8D77A9-7113-4B35-925E-DC20F4602E24.jpeg","jetpack_sharing_enabled":true,"jetpack_likes_enabled":true,"amp_enabled":true,"_links":{"self":[{"href":"https:\/\/encuentroinformativo.com.mx\/index.php?rest_route=\/wp\/v2\/posts\/16429","targetHints":{"allow":["GET"]}}],"collection":[{"href":"https:\/\/encuentroinformativo.com.mx\/index.php?rest_route=\/wp\/v2\/posts"}],"about":[{"href":"https:\/\/encuentroinformativo.com.mx\/index.php?rest_route=\/wp\/v2\/types\/post"}],"author":[{"embeddable":true,"href":"https:\/\/encuentroinformativo.com.mx\/index.php?rest_route=\/wp\/v2\/users\/1"}],"replies":[{"embeddable":true,"href":"https:\/\/encuentroinformativo.com.mx\/index.php?rest_route=%2Fwp%2Fv2%2Fcomments&post=16429"}],"version-history":[{"count":1,"href":"https:\/\/encuentroinformativo.com.mx\/index.php?rest_route=\/wp\/v2\/posts\/16429\/revisions"}],"predecessor-version":[{"id":16432,"href":"https:\/\/encuentroinformativo.com.mx\/index.php?rest_route=\/wp\/v2\/posts\/16429\/revisions\/16432"}],"wp:featuredmedia":[{"embeddable":true,"href":"https:\/\/encuentroinformativo.com.mx\/index.php?rest_route=\/wp\/v2\/media\/16430"}],"wp:attachment":[{"href":"https:\/\/encuentroinformativo.com.mx\/index.php?rest_route=%2Fwp%2Fv2%2Fmedia&parent=16429"}],"wp:term":[{"taxonomy":"category","embeddable":true,"href":"https:\/\/encuentroinformativo.com.mx\/index.php?rest_route=%2Fwp%2Fv2%2Fcategories&post=16429"},{"taxonomy":"post_tag","embeddable":true,"href":"https:\/\/encuentroinformativo.com.mx\/index.php?rest_route=%2Fwp%2Fv2%2Ftags&post=16429"}],"curies":[{"name":"wp","href":"https:\/\/api.w.org\/{rel}","templated":true}]}}