{"id":16433,"date":"2021-07-14T13:11:27","date_gmt":"2021-07-14T18:11:27","guid":{"rendered":"https:\/\/encuentroinformativo.com.mx\/?p=16433"},"modified":"2021-07-14T13:11:39","modified_gmt":"2021-07-14T18:11:39","slug":"emitiria-cedh-dos-recomendaciones-a-ssp","status":"publish","type":"post","link":"https:\/\/encuentroinformativo.com.mx\/?p=16433","title":{"rendered":"Emitir\u00eda CEDH dos recomendaciones a SSP"},"content":{"rendered":"\n<p><strong>Alejandro \u00c1vila<\/strong><\/p>\n\n\n\n<p>Veracruz, Ver. \u2013 Namiko Matzumoto Ben\u00edtez, presidenta de la Comisi\u00f3n Estatal de Derechos Humanos (CEDH), confirm\u00f3 que en pr\u00f3ximos d\u00edas se emitir\u00e1n dos recomendaciones a la Secretar\u00eda de Seguridad P\u00fablica (SSP), por las muertes en el cuartel San Jos\u00e9, donde se confirm\u00f3 se vulneraron los derechos humanos; adem\u00e1s, mencion\u00f3 que se abri\u00f3 una nueva investigaci\u00f3n por los hechos del pasado domingo.<\/p>\n\n\n\n<p>Cabe recordar, que el pasado domingo 11 de julio, elementos de la Secretar\u00eda de Seguridad P\u00fablica rescataron a un sujeto que intentaba quitarse la vida, avent\u00e1ndose del puente peatonal ubicado en Plaza Am\u00e9rica en Xalapa; este fue llevado en resguardo al cuartel San Jos\u00e9 y tras pedir permiso para ir al sanitario, encontr\u00f3 un objeto punzocortante y se hiri\u00f3 el cuello; a pesar de las atenciones recibidas por el cuerpo de param\u00e9dicos del lugar, el sujeto falleci\u00f3.<\/p>\n\n\n\n<p>\u201cHay dos quejas, de hecho, ya las dos se terminaron de integrar, estamos pr\u00f3ximos a emitir recomendaci\u00f3n; es decir, de la integraci\u00f3n de la queja, ambas est\u00e1n perfiladas para emitir una recomendaci\u00f3n, estamos nada m\u00e1s en el proceso de identificar cu\u00e1les son los impactos psicosociales que hay en las victimas indirectas, a efecto de establecer las reparaciones y, una vez ya agotada esto, estaremos ya en la posibilidad de la emisi\u00f3n de la recomendaci\u00f3n\u201d, subray\u00f3.<\/p>\n\n\n\n<p>Matzumoto Ben\u00edtez, mencion\u00f3 que fue la direcci\u00f3n de Penitenciarios la que abri\u00f3 la nueva queja y la nomenclatura que le corresponde es la 0303\/2021; al tiempo que aclar\u00f3 se solicitaron informes a la SSP para integrar evidencias y con base en eso realizar las investigaciones para determinar si hubo nuevamente elementos de vulneraci\u00f3n de los derechos humanos en el nuevo caso.<\/p>\n\n\n\n<p>En 2020 hubo dos muertes en el cuartel San Jos\u00e9. Una del serigrafista, Carlos Navarro Landa en mayo, y otra de Gustavo Ortiz Hern\u00e1ndez en octubre; en ambos casos, las familias emitieron quejas por presuntas anomal\u00edas cometidas por las autoridades, adem\u00e1s de se\u00f1alar que la Fiscal\u00eda General del Estado no ha tenido avances en las investigaciones.<\/p>\n","protected":false},"excerpt":{"rendered":"<p>Alejandro \u00c1vila Veracruz, Ver. \u2013 Namiko Matzumoto Ben\u00edtez, presidenta de la Comisi\u00f3n Estatal de Derechos Humanos (CEDH), confirm\u00f3 que en pr\u00f3ximos d\u00edas se emitir\u00e1n dos recomendaciones a la Secretar\u00eda de Seguridad P\u00fablica (SSP), por las muertes en el cuartel San Jos\u00e9, donde se confirm\u00f3 se vulneraron los derechos humanos; adem\u00e1s, mencion\u00f3 que se abri\u00f3 una [&hellip;]<\/p>\n","protected":false},"author":1,"featured_media":16434,"comment_status":"open","ping_status":"open","sticky":false,"template":"","format":"standard","meta":{"_jetpack_memberships_contains_paid_content":false,"footnotes":""},"categories":[2],"tags":[],"class_list":["post-16433","post","type-post","status-publish","format-standard","has-post-thumbnail","hentry","category-estado"],"jetpack_featured_media_url":"https:\/\/encuentroinformativo.com.mx\/wp-content\/uploads\/2021\/07\/4196C72D-119D-4D1E-91CC-87F2C2B1707B.jpeg","jetpack_sharing_enabled":true,"jetpack_likes_enabled":true,"amp_enabled":true,"_links":{"self":[{"href":"https:\/\/encuentroinformativo.com.mx\/index.php?rest_route=\/wp\/v2\/posts\/16433","targetHints":{"allow":["GET"]}}],"collection":[{"href":"https:\/\/encuentroinformativo.com.mx\/index.php?rest_route=\/wp\/v2\/posts"}],"about":[{"href":"https:\/\/encuentroinformativo.com.mx\/index.php?rest_route=\/wp\/v2\/types\/post"}],"author":[{"embeddable":true,"href":"https:\/\/encuentroinformativo.com.mx\/index.php?rest_route=\/wp\/v2\/users\/1"}],"replies":[{"embeddable":true,"href":"https:\/\/encuentroinformativo.com.mx\/index.php?rest_route=%2Fwp%2Fv2%2Fcomments&post=16433"}],"version-history":[{"count":1,"href":"https:\/\/encuentroinformativo.com.mx\/index.php?rest_route=\/wp\/v2\/posts\/16433\/revisions"}],"predecessor-version":[{"id":16435,"href":"https:\/\/encuentroinformativo.com.mx\/index.php?rest_route=\/wp\/v2\/posts\/16433\/revisions\/16435"}],"wp:featuredmedia":[{"embeddable":true,"href":"https:\/\/encuentroinformativo.com.mx\/index.php?rest_route=\/wp\/v2\/media\/16434"}],"wp:attachment":[{"href":"https:\/\/encuentroinformativo.com.mx\/index.php?rest_route=%2Fwp%2Fv2%2Fmedia&parent=16433"}],"wp:term":[{"taxonomy":"category","embeddable":true,"href":"https:\/\/encuentroinformativo.com.mx\/index.php?rest_route=%2Fwp%2Fv2%2Fcategories&post=16433"},{"taxonomy":"post_tag","embeddable":true,"href":"https:\/\/encuentroinformativo.com.mx\/index.php?rest_route=%2Fwp%2Fv2%2Ftags&post=16433"}],"curies":[{"name":"wp","href":"https:\/\/api.w.org\/{rel}","templated":true}]}}