{"id":16436,"date":"2021-07-14T13:15:06","date_gmt":"2021-07-14T18:15:06","guid":{"rendered":"https:\/\/encuentroinformativo.com.mx\/?p=16436"},"modified":"2021-07-14T13:15:09","modified_gmt":"2021-07-14T18:15:09","slug":"indispensable-certificar-a-abogados-en-mexico-gilberto-farias","status":"publish","type":"post","link":"https:\/\/encuentroinformativo.com.mx\/?p=16436","title":{"rendered":"Indispensable certificar a abogados en M\u00e9xico: Gilberto Far\u00edas"},"content":{"rendered":"\n<p><strong>Alejandro \u00c1vila<\/strong><\/p>\n\n\n\n<p>Veracruz, Ver. \u2013 El presidente nacional del Colegio Nacional de Abogados Penalistas, Gilberto Far\u00edas Morales, se\u00f1al\u00f3 es indispensable la colegiaci\u00f3n y certificaci\u00f3n de los abogados de M\u00e9xico, para de esta manera sumarse internacionalmente a los pa\u00edses que ya cuentan con ello; incluidos los socios comerciales en Am\u00e9rica y Europa.<\/p>\n\n\n\n<p>Far\u00edas Morales, agreg\u00f3 que M\u00e9xico necesita de profesionistas del derecho que abonen a la cultura de la legalidad, del respeto a la ley y al fortalecimiento del Estado de Derecho.<br>\u201cNecesitamos abogados comprometidos con la defensa de las instituciones, con los valores de la libertad, de la democracia y la justicia\u201d, apunt\u00f3.<\/p>\n\n\n\n<p>En ese sentido, plante\u00f3 elevar los est\u00e1ndares internacionales en el ejercicio de la abogac\u00eda y que sean los colegios los que puedan servir para asegurar el mantenimiento del honor, la dignidad, competencia y disciplina profesional.<\/p>\n\n\n\n<p>Gilberto Far\u00edas Morales reconoci\u00f3 que en ocasiones existe una percepci\u00f3n negativa del abogado, ya que cuando no se tiene la certificaci\u00f3n acad\u00e9mica, ciertos abogados buscan reemplazar la \u00e9tica por el dinero y hasta ceden a la presi\u00f3n pol\u00edtica.<\/p>\n\n\n\n<p>Insisti\u00f3 en que las barras de abogados, asociaciones y colegios deben impulsar la certificaci\u00f3n para el ejercicio de la profesi\u00f3n en M\u00e9xico.<\/p>\n\n\n\n<p>Es de recordar que, el pasado lunes, en el marco de la celebraci\u00f3n del d\u00eda del abogado, en el Senado de la Rep\u00fablica, el Senador Ricardo Monreal, tom\u00f3 protesta al Colegio Nacional de Abogados Penalistas AC 2021-2023 y ser\u00e1 presidido por el doctor Gilberto Far\u00edas Morales.<\/p>\n","protected":false},"excerpt":{"rendered":"<p>Alejandro \u00c1vila Veracruz, Ver. \u2013 El presidente nacional del Colegio Nacional de Abogados Penalistas, Gilberto Far\u00edas Morales, se\u00f1al\u00f3 es indispensable la colegiaci\u00f3n y certificaci\u00f3n de los abogados de M\u00e9xico, para de esta manera sumarse internacionalmente a los pa\u00edses que ya cuentan con ello; incluidos los socios comerciales en Am\u00e9rica y Europa. Far\u00edas Morales, agreg\u00f3 que [&hellip;]<\/p>\n","protected":false},"author":1,"featured_media":16437,"comment_status":"open","ping_status":"open","sticky":false,"template":"","format":"standard","meta":{"_jetpack_memberships_contains_paid_content":false,"footnotes":""},"categories":[2],"tags":[],"class_list":["post-16436","post","type-post","status-publish","format-standard","has-post-thumbnail","hentry","category-estado"],"jetpack_featured_media_url":"https:\/\/encuentroinformativo.com.mx\/wp-content\/uploads\/2021\/07\/FC652A3F-9E7E-45A0-8D2D-244310AF63A5.jpeg","jetpack_sharing_enabled":true,"jetpack_likes_enabled":true,"amp_enabled":true,"_links":{"self":[{"href":"https:\/\/encuentroinformativo.com.mx\/index.php?rest_route=\/wp\/v2\/posts\/16436","targetHints":{"allow":["GET"]}}],"collection":[{"href":"https:\/\/encuentroinformativo.com.mx\/index.php?rest_route=\/wp\/v2\/posts"}],"about":[{"href":"https:\/\/encuentroinformativo.com.mx\/index.php?rest_route=\/wp\/v2\/types\/post"}],"author":[{"embeddable":true,"href":"https:\/\/encuentroinformativo.com.mx\/index.php?rest_route=\/wp\/v2\/users\/1"}],"replies":[{"embeddable":true,"href":"https:\/\/encuentroinformativo.com.mx\/index.php?rest_route=%2Fwp%2Fv2%2Fcomments&post=16436"}],"version-history":[{"count":1,"href":"https:\/\/encuentroinformativo.com.mx\/index.php?rest_route=\/wp\/v2\/posts\/16436\/revisions"}],"predecessor-version":[{"id":16438,"href":"https:\/\/encuentroinformativo.com.mx\/index.php?rest_route=\/wp\/v2\/posts\/16436\/revisions\/16438"}],"wp:featuredmedia":[{"embeddable":true,"href":"https:\/\/encuentroinformativo.com.mx\/index.php?rest_route=\/wp\/v2\/media\/16437"}],"wp:attachment":[{"href":"https:\/\/encuentroinformativo.com.mx\/index.php?rest_route=%2Fwp%2Fv2%2Fmedia&parent=16436"}],"wp:term":[{"taxonomy":"category","embeddable":true,"href":"https:\/\/encuentroinformativo.com.mx\/index.php?rest_route=%2Fwp%2Fv2%2Fcategories&post=16436"},{"taxonomy":"post_tag","embeddable":true,"href":"https:\/\/encuentroinformativo.com.mx\/index.php?rest_route=%2Fwp%2Fv2%2Ftags&post=16436"}],"curies":[{"name":"wp","href":"https:\/\/api.w.org\/{rel}","templated":true}]}}