{"id":16451,"date":"2021-07-14T19:14:30","date_gmt":"2021-07-15T00:14:30","guid":{"rendered":"https:\/\/encuentroinformativo.com.mx\/?p=16451"},"modified":"2021-07-14T19:14:36","modified_gmt":"2021-07-15T00:14:36","slug":"desconoce-subsecretario-relacion-de-empresario-del-ramo-turistico-con-rocio-nahle","status":"publish","type":"post","link":"https:\/\/encuentroinformativo.com.mx\/?p=16451","title":{"rendered":"Desconoce subsecretario relaci\u00f3n de empresario del ramo tur\u00edstico con Roc\u00edo Nahle"},"content":{"rendered":"\n<p><strong>Alejandro \u00c1vila<\/strong><\/p>\n\n\n\n<p>Veracruz, Ver. \u2013 El subsecretario de Atenci\u00f3n y Promoci\u00f3n Tur\u00edstica del Estado de Veracruz, Iv\u00e1n Francisco Mart\u00ednez Olvera, dijo desconocer sobre la presunta relaci\u00f3n entre quien administrar\u00e1 los tours de la embarcaci\u00f3n \u201cEl Cuenque\u00f1o\u201d con la secretaria de Energ\u00eda Roc\u00edo Nahle Garc\u00eda, pues asegur\u00f3 su trabajo \u00fanicamente es el de promocionar este y otros atractivos en el Estado de Veracruz.<\/p>\n\n\n\n<p>Este mi\u00e9rcoles, un rotativo veracruzano dio a conocer que el empresario de Coatzacoalcos, Arturo Quintanilla Hayek, compadre de Roc\u00edo Nahle, es el due\u00f1o de la \u201cServicios Tur\u00edsticos Rivera del Papaloapan S.A. de C.V.\u201d y ser\u00e1 quien administre todo lo relacionado con la embarcaci\u00f3n \u201cEl Cuenque\u00f1o\u201d; todo esto avalado por la Notar\u00eda P\u00fablica n\u00famero 5 de San Andr\u00e9s Tuxtla, que tiene a su cargo la tambi\u00e9n Fiscal General del Estado, Ver\u00f3nica Hern\u00e1ndez Giadans.<\/p>\n\n\n\n<p>-El d\u00eda de hoy se da a conocer que la empresa que se asocia con el Gobierno del Estado para realizar lo del Cuenque\u00f1o, es de un familiar o un amigo de la Secretar\u00eda de Energ\u00eda, Roc\u00edo Nahle, \u00bfCu\u00e1l es su opini\u00f3n al respecto?<\/p>\n\n\n\n<p>-Ah\u00ed no tendr\u00eda opini\u00f3n porque no conozco al respecto, no podr\u00eda yo darte con certeza informaci\u00f3n.\u00bfQui\u00e9n hace el contrato, secretar\u00eda de Gobierno o Turismo, para hacer esta alianza?<\/p>\n\n\n\n<p>-No sabr\u00eda decirte, nosotros, nos encargamos de la promoci\u00f3n de las actividades tur\u00edsticas, pero yo en ese sentido no podr\u00eda darte una opini\u00f3n<\/p>\n\n\n\n<p>\u00bfNo habr\u00eda un conflicto de intereses?<\/p>\n\n\n\n<p>-Pues no sabr\u00eda decirte, no sabr\u00eda decirte si hay un conflicto de intereses porque es un tema que desconozco.<\/p>\n\n\n\n<p>Iv\u00e1n Francisco Mart\u00ednez Olvera, quien se presume ser\u00e1 el pr\u00f3ximo secretario de Turismo en Veracruz, expuso que su labor es \u00fanicamente promocionar este atractivo tur\u00edstico, mismo que iniciar\u00e1 recorridos en pr\u00f3ximos d\u00edas, e iniciar\u00e1 la traves\u00eda de Tlacotalpan a Otatitl\u00e1n pasando por otros municipios.<\/p>\n\n\n\n<p>El costo del recorrido ser\u00e1 de 4 mil pesos, donde viajar\u00e1n durante un d\u00eda completo por diversos puntos, pernoctar\u00e1n en Otatitl\u00e1n y regresar\u00e1n al d\u00eda siguiente a Tlacotalpan; durante el viaje que solo albergar\u00e1 a 20 personas, habr\u00e1 fiestas tem\u00e1ticas, bebidas alcoh\u00f3licas, buffet gastron\u00f3mico y otros atractivos.<br>\u00a0<\/p>\n","protected":false},"excerpt":{"rendered":"<p>Alejandro \u00c1vila Veracruz, Ver. \u2013 El subsecretario de Atenci\u00f3n y Promoci\u00f3n Tur\u00edstica del Estado de Veracruz, Iv\u00e1n Francisco Mart\u00ednez Olvera, dijo desconocer sobre la presunta relaci\u00f3n entre quien administrar\u00e1 los tours de la embarcaci\u00f3n \u201cEl Cuenque\u00f1o\u201d con la secretaria de Energ\u00eda Roc\u00edo Nahle Garc\u00eda, pues asegur\u00f3 su trabajo \u00fanicamente es el de promocionar este y [&hellip;]<\/p>\n","protected":false},"author":1,"featured_media":16452,"comment_status":"open","ping_status":"open","sticky":false,"template":"","format":"standard","meta":{"_jetpack_memberships_contains_paid_content":false,"footnotes":""},"categories":[2],"tags":[],"class_list":["post-16451","post","type-post","status-publish","format-standard","has-post-thumbnail","hentry","category-estado"],"jetpack_featured_media_url":"https:\/\/encuentroinformativo.com.mx\/wp-content\/uploads\/2021\/07\/32075A40-633F-4158-8F3A-C9E4328F358A.jpeg","jetpack_sharing_enabled":true,"jetpack_likes_enabled":true,"amp_enabled":true,"_links":{"self":[{"href":"https:\/\/encuentroinformativo.com.mx\/index.php?rest_route=\/wp\/v2\/posts\/16451","targetHints":{"allow":["GET"]}}],"collection":[{"href":"https:\/\/encuentroinformativo.com.mx\/index.php?rest_route=\/wp\/v2\/posts"}],"about":[{"href":"https:\/\/encuentroinformativo.com.mx\/index.php?rest_route=\/wp\/v2\/types\/post"}],"author":[{"embeddable":true,"href":"https:\/\/encuentroinformativo.com.mx\/index.php?rest_route=\/wp\/v2\/users\/1"}],"replies":[{"embeddable":true,"href":"https:\/\/encuentroinformativo.com.mx\/index.php?rest_route=%2Fwp%2Fv2%2Fcomments&post=16451"}],"version-history":[{"count":1,"href":"https:\/\/encuentroinformativo.com.mx\/index.php?rest_route=\/wp\/v2\/posts\/16451\/revisions"}],"predecessor-version":[{"id":16453,"href":"https:\/\/encuentroinformativo.com.mx\/index.php?rest_route=\/wp\/v2\/posts\/16451\/revisions\/16453"}],"wp:featuredmedia":[{"embeddable":true,"href":"https:\/\/encuentroinformativo.com.mx\/index.php?rest_route=\/wp\/v2\/media\/16452"}],"wp:attachment":[{"href":"https:\/\/encuentroinformativo.com.mx\/index.php?rest_route=%2Fwp%2Fv2%2Fmedia&parent=16451"}],"wp:term":[{"taxonomy":"category","embeddable":true,"href":"https:\/\/encuentroinformativo.com.mx\/index.php?rest_route=%2Fwp%2Fv2%2Fcategories&post=16451"},{"taxonomy":"post_tag","embeddable":true,"href":"https:\/\/encuentroinformativo.com.mx\/index.php?rest_route=%2Fwp%2Fv2%2Ftags&post=16451"}],"curies":[{"name":"wp","href":"https:\/\/api.w.org\/{rel}","templated":true}]}}