{"id":16464,"date":"2021-07-15T11:13:22","date_gmt":"2021-07-15T16:13:22","guid":{"rendered":"https:\/\/encuentroinformativo.com.mx\/?p=16464"},"modified":"2021-07-15T11:13:27","modified_gmt":"2021-07-15T16:13:27","slug":"realizara-ine-conteo-rapido-por-consulta-popular","status":"publish","type":"post","link":"https:\/\/encuentroinformativo.com.mx\/?p=16464","title":{"rendered":"Realizar\u00e1 INE conteo r\u00e1pido por Consulta Popular"},"content":{"rendered":"\n<p>M\u00e9xico .- El Consejo General del Instituto Nacional Electoral (INE) aprob\u00f3 por unanimidad la realizaci\u00f3n del Conteo R\u00e1pido para la Consulta Popular del 1\u00ba de agosto de 2021, con el objetivo de que la ciudadan\u00eda cuente con datos preliminares oportunos\u00a0y\u00a0objetivos.<\/p>\n\n\n\n<p>El Consejero Presidente, Lorenzo C\u00f3rdova Vianello,afirm\u00f3&nbsp;que con el&nbsp;Conteo&nbsp;R\u00e1pido se busca dotar de certeza a la Consulta Popular,&nbsp;con&nbsp;un ejercicio que brindar\u00e1 la posibilidad de que la misma noche del domingo&nbsp;1\u00ba&nbsp;de agosto se den a conocer datos sobre las tendencias de participaci\u00f3n y sobre el resultado de la pregunta que se har\u00e1 a la ciudadan\u00eda.<\/p>\n\n\n\n<p>\u201cSe busca dar as\u00ed el cumplimiento a los&nbsp;principios que rigen la funci\u00f3n electoral y garantizar que la sociedad mexicana cuente con una fuente de informaci\u00f3n preliminar oficial\u201d, asever\u00f3.<\/p>\n\n\n\n<p>A diferencia de las jornadas electorales ordinarias&nbsp;y extraordinarias,&nbsp;refiri\u00f3, el marco normativo vigente no prev\u00e9 la ejecuci\u00f3n de un programa de resultados preliminares durante los ejercicios de&nbsp;consulta&nbsp;popular.<\/p>\n\n\n\n<p>\u201cEste proyecto de acuerdo desmiente a aquellos que sostienen que este&nbsp;Instituto no est\u00e1 haciendo lo suficiente para llevar a buen puerto esta Consulta, tan lo estamos haciendo que estamos proponiendo un ejercicio de&nbsp;Conteo&nbsp;R\u00e1pido\u201d, asegur\u00f3. &nbsp;&nbsp;&nbsp;<\/p>\n\n\n\n<p>Agreg\u00f3 que,&nbsp;como parte de este proyecto,&nbsp;se&nbsp;contempla&nbsp;como asesores&nbsp;externos&nbsp;a&nbsp;Patricia&nbsp;Isabel Romero Mares y a&nbsp;Carlos&nbsp;Erwin Rodr\u00edguez Hern\u00e1ndez-Vela, quienes&nbsp;participaron en conteos r\u00e1pidos previos realizados por el INE.<\/p>\n\n\n\n<p><strong><em>Ejercicio dotar\u00e1 de certeza los resultados de la Consulta<\/em><\/strong><\/p>\n\n\n\n<p>La&nbsp;Consejera&nbsp;Dania Ravel destac\u00f3 el valor que tiene la realizaci\u00f3n de un&nbsp;Conteo&nbsp;R\u00e1pido para la Consulta Popular&nbsp;toda vez que abona a la certeza del ejercicio democr\u00e1tico con base en las estimaciones de los resultados.<\/p>\n\n\n\n<p>\u201cEl Conteo R\u00e1pido es un procedimiento estad\u00edstico que tiene como fin estimar los resultados de votaci\u00f3n a partir de una muestra aleatoria y significativa que en esta ocasi\u00f3n ser\u00e1 recabada a partir de las mesas receptoras que se instalar\u00e1n, la realizaci\u00f3n de este ejercicio resulta a\u00fan m\u00e1s relevante en esta Consulta Popular debido a que no contaremos con un programa de resultados preliminares\u201d, indic\u00f3. &nbsp;<\/p>\n\n\n\n<p>La Consejera Carla Humphrey&nbsp;subray\u00f3&nbsp;la importancia de que se&nbsp;cuente con este mecanismo que dotar\u00e1 de certeza, transparencia y&nbsp;m\u00e1xima publicidad sobre los resultados de la Consulta Popular y el&nbsp;estimado de participaci\u00f3n.<\/p>\n\n\n\n<p>Record\u00f3 que,&nbsp;a&nbsp;pesar de que los c\u00f3mputos&nbsp;de este ejercicio iniciar\u00e1n el&nbsp;mismo d\u00eda de&nbsp;la jornada, resulta vital conocer el porcentaje de votaci\u00f3n&nbsp;considerando que es necesaria la participaci\u00f3n del 40 por ciento de los&nbsp;inscritos en la&nbsp;Lista&nbsp;Nominal para que el resultado sea vinculante.<\/p>\n\n\n\n<p>El Consejero Jos\u00e9 Roberto Ruiz reconoci\u00f3 que inicialmente no acompa\u00f1aba la idea de realizar un&nbsp;Conteo&nbsp;R\u00e1pido debido a que para este ejercicio se espera que la&nbsp;totalidad de los resultados se den&nbsp;a conocer&nbsp;a m\u00e1s tardar&nbsp;el martes siguiente a la realizaci\u00f3n de la&nbsp;Consulta, pero posteriormente acept\u00f3 la relevancia&nbsp;de lo&nbsp;que significa contar con un instrumento que&nbsp;abone&nbsp;a la certeza.<\/p>\n\n\n\n<p>\u201cEs evidente que hab\u00eda que acompa\u00f1ar una iniciativa de este tipo porque significar\u00e1 que, aunque la ley no nos lo exige, se contar\u00e1 con un mecanismo de resultado preliminar tambi\u00e9n para la Consulta Popular y el esfuerzo log\u00edstico operativo por supuesto ser\u00e1 tambi\u00e9n fuerte\u201d, acept\u00f3.<\/p>\n\n\n\n<p>El&nbsp;Consejero Jaime Rivera refiri\u00f3 que el&nbsp;acuerdo demuestra el compromiso&nbsp;que tiene el INE por la realizaci\u00f3n de la&nbsp;Consulta en las mejores&nbsp;condiciones posibles y da cuenta de un esfuerzo adicional que,&nbsp;si bien no&nbsp;es indispensable,&nbsp;s\u00ed&nbsp;es muy \u00fatil para que laciudadan\u00eda conozca los&nbsp;resultados y porcentaje de participaci\u00f3n.<\/p>\n\n\n\n<p>Agreg\u00f3 que el&nbsp;Instituto&nbsp;mantiene una serie de medidas para dotar a la&nbsp;ciudadan\u00eda de todas las facilidades para participar y contar con una&nbsp;Mesa Recepta de Opini\u00f3n lo m\u00e1s cercana posible, a la par&nbsp;que record\u00f3 que&nbsp;este jueves inicia la difusi\u00f3n del&nbsp;ejercicio, con lo que se&nbsp;refrenda que el INE cumple su mandato legal.<\/p>\n\n\n\n<p><strong><em>Avala<\/em><\/strong><strong><em>n<\/em><\/strong><strong><em>&nbsp;<\/em><\/strong><strong><em>C<\/em><\/strong><strong><em>onvocatoria y formato de acreditaci\u00f3n para las y los visitantes extranjeros que observar\u00e1n la Consulta Popular<\/em><\/strong><\/p>\n\n\n\n<p>El Consejo General&nbsp;tambi\u00e9n&nbsp;aprob\u00f3&nbsp;la Convocatoria y el formato de acreditaci\u00f3n para las y los visitantes extranjeros que acudan a conocer el desarrollo de la Consulta Popular 2021.<\/p>\n\n\n\n<p>Con base en la misma se establece que las y los visitantes extranjeros acreditados para el Proceso Electoral Federal y los procesos electorales locales concurrentes 2020-2021, podr\u00e1n presenciar el desarrollo de la Consulta Popular, sin necesidad depresentar una nueva solicitud y \u00fanicamente&nbsp;deber\u00e1n notificar su inter\u00e9s a la Coordinaci\u00f3n de Asuntos Internacionales mediante correo electr\u00f3nico a la direcci\u00f3n&nbsp;<a href=\"mailto:visitantes.extranjeros@ine.mx\">visitantes.extranjeros@ine.mx<\/a>, a m\u00e1s tardar el&nbsp;lunes 26&nbsp;de julio de 2021.<\/p>\n\n\n\n<p>El&nbsp;Consejero&nbsp;Presidente, Lorenzo C\u00f3rdova&nbsp;Vianello,&nbsp;afirm\u00f3&nbsp;que el INE se&nbsp;encuentra listo para ampliar la promoci\u00f3n de la Consulta Popular a&nbsp;partir del jueves 15 de julio, a pesar de&nbsp;que inici\u00f3 la difusi\u00f3n de este&nbsp;ejercicio desde anterioridad a trav\u00e9s de las redes sociales.<\/p>\n\n\n\n<p>No obstante, lament\u00f3 que este ejercicio de participaci\u00f3n ciudadana&nbsp;in\u00e9dito no haya podido promoverse desde&nbsp;antes luego de que el Senado y&nbsp;la C\u00e1mara de Diputados modificaron la convocatoria original para&nbsp;establecer su entrada en vigor hasta el 15 de julio&nbsp;de 2021&nbsp;y no el 28 de&nbsp;octubre&nbsp;de 2020.<\/p>\n\n\n\n<p>\u201cComo se se\u00f1al\u00f3 en la tribuna de la C\u00e1mara de Diputados y est\u00e1 documentado en los boletines de Comunicaci\u00f3n Social de&nbsp;ese \u00f3rgano,&nbsp;cuando se dieron cuenta de que la entrada en vigor de la convocatoria&nbsp;implicaba la suspensi\u00f3n de toda propaganda gubernamental federal, local&nbsp;y municipal, la mayor\u00eda del Congreso de la Uni\u00f3n decidi\u00f3 modificar la&nbsp;convocatoria para que&nbsp;esto ocurriera el 15 de julio\u201d, detall\u00f3.<\/p>\n\n\n\n<p>La Consejera Dania Ravel&nbsp;mencion\u00f3&nbsp;la&nbsp;importancia de la&nbsp;participaci\u00f3n de observadores y visitantes tanto nacionales como extranjeros toda vez que contribuye a la cadena de confianza sobre las actividades que desarrolla el Instituto Nacional Electoral.<\/p>\n\n\n\n<p>\u201cS\u00f3lo tengo una sugerencia&nbsp;al proyecto de acuerdo y a la convocatoria que la fecha l\u00edmite para que las y los visitantes extranjeros soliciten su acreditaci\u00f3n o ratificaci\u00f3n sea el 26 julio en lugar del 21 ya que me parece que estamos en posibilidades de extender el plazo y, sin duda, entre m\u00e1s tiempo demos para la acreditaci\u00f3n hay m\u00e1s posibilidades de que m\u00e1s personas interesadas puedan hacer este tr\u00e1mite\u201d, plante\u00f3.<\/p>\n\n\n\n<p>El Consejero Mart\u00edn Faz&nbsp;calific\u00f3 como&nbsp;relevante que el proceso que lleva a cabo el INE en torno a la realizaci\u00f3n de la Consulta Popular sea escrutado por personas nacionales e internacionales.<\/p>\n\n\n\n<p><strong><em>Ampl\u00eda CG plazo para ratificarse o acreditarse en la observaci\u00f3n para la Consulta Popular<\/em><\/strong><\/p>\n\n\n\n<p>Posteriormente, en acatamiento a la sentencia de la Sala Superior del Tribunal Electoral del Poder Judicial de la Federaci\u00f3n, el Consejo General aprob\u00f3 por unanimidad&nbsp;ampliar&nbsp;el plazo para el registro de solicitudes de la ciudadan\u00eda interesada en ratificarse o acreditarse como parte de la observaci\u00f3n&nbsp;para la Consulta Popular 2021, a celebrarse el 1\u00b0&nbsp;de agosto pr\u00f3ximo, por lo que&nbsp;los interesados&nbsp;la podr\u00e1n presentar en forma personal o a trav\u00e9s de la organizaci\u00f3n a la que pertenezcan, hasta el 23 de julio de 2021.&nbsp;<\/p>\n\n\n\n<p>Con base en lo anterior, las Vocal\u00edas Ejecutivas de las Juntas Locales y Distritales del Instituto valorar\u00e1n las solicitudes que cumplan los requisitos establecidos&nbsp;en&nbsp;la convocatoria y dar\u00e1n cuenta de las solicitudes a sus propias Juntas Ejecutivas para su aprobaci\u00f3n, en la siguiente sesi\u00f3n que celebren.&nbsp;<\/p>\n\n\n\n<p>El Consejero Jos\u00e9 Roberto Ruiz&nbsp;afirm\u00f3 que el Instituto ya trabajaba en la ampliaci\u00f3n del plazo para el registro de los observadores de la Consulta, incluso previamente a la resoluci\u00f3n de la Sala Superior.<\/p>\n\n\n\n<p>\u201cYa ven\u00edamos considerando ampliar ese plazo, as\u00ed como lo hacemos en los procesos electorales para que la ciudadan\u00eda pueda contar con m\u00e1s d\u00edas si hay margen para ello y en funci\u00f3n de una revisi\u00f3n ulterior es que solemos hacerlo. En este caso la ampliaci\u00f3n es hasta el 23 de julio para que pueda dicha ciudadan\u00eda solicitar su ratificaci\u00f3n o solicitud inicial\u201d, concluy\u00f3.<\/p>\n\n\n\n<p><strong>Aprueba Consejo General creaci\u00f3n de la Comisi\u00f3n Temporal de Presupuesto<\/strong><\/p>\n\n\n\n<p>El Consejo General tambi\u00e9n aprob\u00f3 crear&nbsp;la Comisi\u00f3n Temporal de Presupuesto&nbsp;con el objetivo de analizar y evaluar la ejecuci\u00f3n del presupuesto 2021 y con base en ello dise\u00f1ar y presentar la propuesta de recursos que requerir\u00e1 el Instituto para su operaci\u00f3n el pr\u00f3ximo a\u00f1o.<\/p>\n\n\n\n<p>La Comisi\u00f3n estar\u00e1 presidida por el Consejero&nbsp;Jaime Rivera&nbsp;y conformada por las&nbsp;consejeras Norma De La Cruz y Claudia Zavala, as\u00ed como los&nbsp;consejeros Ciro Murayama y&nbsp;Jos\u00e9 Roberto Ruiz.<\/p>\n\n\n\n<p>La Comisi\u00f3n Temporal de Presupuesto se extinguir\u00e1, previo informe al&nbsp;Consejo General, al aprobarse el Presupuesto para el ejercicio fiscal de 2022, establecido para el Instituto Nacional Electoral por la H. C\u00e1mara de Diputados.<\/p>\n","protected":false},"excerpt":{"rendered":"<p>M\u00e9xico .- El Consejo General del Instituto Nacional Electoral (INE) aprob\u00f3 por unanimidad la realizaci\u00f3n del Conteo R\u00e1pido para la Consulta Popular del 1\u00ba de agosto de 2021, con el objetivo de que la ciudadan\u00eda cuente con datos preliminares oportunos\u00a0y\u00a0objetivos. El Consejero Presidente, Lorenzo C\u00f3rdova Vianello,afirm\u00f3&nbsp;que con el&nbsp;Conteo&nbsp;R\u00e1pido se busca dotar de certeza a la [&hellip;]<\/p>\n","protected":false},"author":1,"featured_media":16465,"comment_status":"open","ping_status":"open","sticky":false,"template":"","format":"standard","meta":{"_jetpack_memberships_contains_paid_content":false,"footnotes":""},"categories":[12],"tags":[],"class_list":["post-16464","post","type-post","status-publish","format-standard","has-post-thumbnail","hentry","category-nacional"],"jetpack_featured_media_url":"https:\/\/encuentroinformativo.com.mx\/wp-content\/uploads\/2021\/07\/9FECF29D-A8ED-46F5-BD1E-A4BDE52E1A6B.jpeg","jetpack_sharing_enabled":true,"jetpack_likes_enabled":true,"amp_enabled":true,"_links":{"self":[{"href":"https:\/\/encuentroinformativo.com.mx\/index.php?rest_route=\/wp\/v2\/posts\/16464","targetHints":{"allow":["GET"]}}],"collection":[{"href":"https:\/\/encuentroinformativo.com.mx\/index.php?rest_route=\/wp\/v2\/posts"}],"about":[{"href":"https:\/\/encuentroinformativo.com.mx\/index.php?rest_route=\/wp\/v2\/types\/post"}],"author":[{"embeddable":true,"href":"https:\/\/encuentroinformativo.com.mx\/index.php?rest_route=\/wp\/v2\/users\/1"}],"replies":[{"embeddable":true,"href":"https:\/\/encuentroinformativo.com.mx\/index.php?rest_route=%2Fwp%2Fv2%2Fcomments&post=16464"}],"version-history":[{"count":1,"href":"https:\/\/encuentroinformativo.com.mx\/index.php?rest_route=\/wp\/v2\/posts\/16464\/revisions"}],"predecessor-version":[{"id":16466,"href":"https:\/\/encuentroinformativo.com.mx\/index.php?rest_route=\/wp\/v2\/posts\/16464\/revisions\/16466"}],"wp:featuredmedia":[{"embeddable":true,"href":"https:\/\/encuentroinformativo.com.mx\/index.php?rest_route=\/wp\/v2\/media\/16465"}],"wp:attachment":[{"href":"https:\/\/encuentroinformativo.com.mx\/index.php?rest_route=%2Fwp%2Fv2%2Fmedia&parent=16464"}],"wp:term":[{"taxonomy":"category","embeddable":true,"href":"https:\/\/encuentroinformativo.com.mx\/index.php?rest_route=%2Fwp%2Fv2%2Fcategories&post=16464"},{"taxonomy":"post_tag","embeddable":true,"href":"https:\/\/encuentroinformativo.com.mx\/index.php?rest_route=%2Fwp%2Fv2%2Ftags&post=16464"}],"curies":[{"name":"wp","href":"https:\/\/api.w.org\/{rel}","templated":true}]}}