{"id":16471,"date":"2021-07-15T11:55:49","date_gmt":"2021-07-15T16:55:49","guid":{"rendered":"https:\/\/encuentroinformativo.com.mx\/?p=16471"},"modified":"2021-07-15T11:55:54","modified_gmt":"2021-07-15T16:55:54","slug":"acusan-hostigamiento-de-fuerzas-de-seguridad-en-la-zona-sur","status":"publish","type":"post","link":"https:\/\/encuentroinformativo.com.mx\/?p=16471","title":{"rendered":"Acusan hostigamiento de fuerzas de seguridad en la zona sur"},"content":{"rendered":"\n<p><strong>Dar\u00edo Pale<\/strong> <\/p>\n\n\n\n<p>Xalapa, Ver.- Denuncian p\u00fablicamente que en la zona sur espec\u00edficamente en Las Choapas se registran casos de hostigamiento por parte de las polic\u00edas estatal, ministerial y la Guardia Nacional, as\u00ed lo dio a conocer Ferm\u00edn Garc\u00eda Espinosa, quien ser\u00e1 nombrado Gobernador de los Pueblos Ind\u00edgenas en Veracruz, adem\u00e1s de ser defensor de derechos humanos.<\/p>\n\n\n\n<p>En conferencia de prensa realizada en conocido caf\u00e9 del centro de Xalapa se\u00f1al\u00f3 que, &#8220;en Las Choapas ahorita \u00a0tengo tres casos, tengo la Comisi\u00f3n de Derechos Humanos del Congreso Federal, tengo tres casos: un amigo, Garc\u00eda Bolainos, un muchacho evang\u00e9lico, lo conozco, le fue sembrada droga y algunas cosas para incriminarlo y luego hostigarlo con cuestiones econ\u00f3micas&#8221;.<\/p>\n\n\n\n<p>&#8220;Ahorita acaban de agarrar a un amigo que se llama Uribe Esquivel, un empresario que conocemos, le sembraron un revolver que ya no se usa desde hace muchos a\u00f1os y menos un empresario&#8230;. a parte una persona que estaba comiendo en un lugar p\u00fablico, con su familia, se lo llevaron, lo desaparecieron durante tres horas &#8230;los polic\u00edas estatales andan en camionetas sin logotipo, sin n\u00famero. Venimos a pedirle al se\u00f1or Gobernador y al secretario de Seguridad P\u00fablica que tomen cartas en el asunto. Hoy el pueblo le huimos a la polic\u00eda&#8221;, agreg\u00f3.<\/p>\n\n\n\n<p>Tras estas detenciones e intervenciones extrajudiciales, este viernes habr\u00e1 una marcha para pedir la intervenci\u00f3n de las autoridades en los casos de abuso policial, ya que muchas de las unidades en que llegan no traen numero o logotipos adem\u00e1s de que cuando llegan los elementos no se identifican por lo que no saben si no efectivos o no lo son.<\/p>\n\n\n\n<p>&#8220;Vamos a ser sus ojos del gobierno y de nuestro presidente de la Rep\u00fablica para que todos esos subalternos que andan abajo reprimiendo y amenazando, hostigando a la sociedad y menos la polic\u00eda&#8230;no lo vamos a permitir&#8221;, se\u00f1al\u00f3.<\/p>\n\n\n\n<p>Dijo que adem\u00e1s de la zona sur, las marchas se realizar\u00edan en municipios de la zona norte, para que la polic\u00eda deje de reprimir, amenazar y hostigar a los campesinos, reporteros, ganaderos entre otras personas, por lo que e su visita a la ciudadad de M\u00e9xico para hacer del conocimiento al presidente de la Rep\u00fablica que en Veracruz est\u00e1 muy bajos los \u00edndices de seguridad.<\/p>\n\n\n\n<p>Finalmente se\u00f1al\u00f3 que los habitantes de aquella zona ya le tienen miedo a los polic\u00edas y tiene incertidumbre adem\u00e1s de mucho temor de las fuerzas del orden por lo que el d\u00eda de ma\u00f1ana realizar\u00e1n una racha en la zona sur del estado con un aproximado de mil quinientos a dos mil personas.<\/p>\n","protected":false},"excerpt":{"rendered":"<p>Dar\u00edo Pale Xalapa, Ver.- Denuncian p\u00fablicamente que en la zona sur espec\u00edficamente en Las Choapas se registran casos de hostigamiento por parte de las polic\u00edas estatal, ministerial y la Guardia Nacional, as\u00ed lo dio a conocer Ferm\u00edn Garc\u00eda Espinosa, quien ser\u00e1 nombrado Gobernador de los Pueblos Ind\u00edgenas en Veracruz, adem\u00e1s de ser defensor de derechos [&hellip;]<\/p>\n","protected":false},"author":1,"featured_media":16472,"comment_status":"open","ping_status":"open","sticky":false,"template":"","format":"standard","meta":{"_jetpack_memberships_contains_paid_content":false,"footnotes":""},"categories":[2],"tags":[],"class_list":["post-16471","post","type-post","status-publish","format-standard","has-post-thumbnail","hentry","category-estado"],"jetpack_featured_media_url":"https:\/\/encuentroinformativo.com.mx\/wp-content\/uploads\/2021\/07\/70BC84D4-AF6B-4581-8E56-83516FDAB85B.jpeg","jetpack_sharing_enabled":true,"jetpack_likes_enabled":true,"amp_enabled":true,"_links":{"self":[{"href":"https:\/\/encuentroinformativo.com.mx\/index.php?rest_route=\/wp\/v2\/posts\/16471","targetHints":{"allow":["GET"]}}],"collection":[{"href":"https:\/\/encuentroinformativo.com.mx\/index.php?rest_route=\/wp\/v2\/posts"}],"about":[{"href":"https:\/\/encuentroinformativo.com.mx\/index.php?rest_route=\/wp\/v2\/types\/post"}],"author":[{"embeddable":true,"href":"https:\/\/encuentroinformativo.com.mx\/index.php?rest_route=\/wp\/v2\/users\/1"}],"replies":[{"embeddable":true,"href":"https:\/\/encuentroinformativo.com.mx\/index.php?rest_route=%2Fwp%2Fv2%2Fcomments&post=16471"}],"version-history":[{"count":1,"href":"https:\/\/encuentroinformativo.com.mx\/index.php?rest_route=\/wp\/v2\/posts\/16471\/revisions"}],"predecessor-version":[{"id":16473,"href":"https:\/\/encuentroinformativo.com.mx\/index.php?rest_route=\/wp\/v2\/posts\/16471\/revisions\/16473"}],"wp:featuredmedia":[{"embeddable":true,"href":"https:\/\/encuentroinformativo.com.mx\/index.php?rest_route=\/wp\/v2\/media\/16472"}],"wp:attachment":[{"href":"https:\/\/encuentroinformativo.com.mx\/index.php?rest_route=%2Fwp%2Fv2%2Fmedia&parent=16471"}],"wp:term":[{"taxonomy":"category","embeddable":true,"href":"https:\/\/encuentroinformativo.com.mx\/index.php?rest_route=%2Fwp%2Fv2%2Fcategories&post=16471"},{"taxonomy":"post_tag","embeddable":true,"href":"https:\/\/encuentroinformativo.com.mx\/index.php?rest_route=%2Fwp%2Fv2%2Ftags&post=16471"}],"curies":[{"name":"wp","href":"https:\/\/api.w.org\/{rel}","templated":true}]}}