{"id":16477,"date":"2021-07-15T14:10:49","date_gmt":"2021-07-15T19:10:49","guid":{"rendered":"https:\/\/encuentroinformativo.com.mx\/?p=16477"},"modified":"2021-07-15T14:10:52","modified_gmt":"2021-07-15T19:10:52","slug":"retiran-planton-madres-de-ninos-con-cancer","status":"publish","type":"post","link":"https:\/\/encuentroinformativo.com.mx\/?p=16477","title":{"rendered":"Retiran plant\u00f3n madres de ni\u00f1os con c\u00e1ncer"},"content":{"rendered":"\n<p><strong>Alejandro \u00c1vila<\/strong><\/p>\n\n\n\n<p>Veracruz, Ver.- Alrededor de las 10 de la ma\u00f1ana de este jueves, madres de ni\u00f1os con c\u00e1ncer levantaron el campamento y bloqueo que ten\u00edan sobre la avenida 20 de noviembre, frente al Hospital Infantil en Veracruz puerto.<\/p>\n\n\n\n<p>La vocera de las madres, Cora de Jes\u00fas Rodr\u00edguez, mencion\u00f3 que no lograron pr\u00e1cticamente nada; aunque en las minutas firmadas, lograron que se le diera el tratamiento al ni\u00f1o Iker, quien es el que lo necesita con urgencia, as\u00ed como la rehabilitaci\u00f3n del Hospital Infantil.<\/p>\n\n\n\n<p>Tras la reuni\u00f3n de este mi\u00e9rcoles en la Ciudad de M\u00e9xico, donde en esta ocasi\u00f3n no estuvo presente el director general de INSABI, Juan Antonio Ferrer Aguilar, el personal de la dependencia federal les asegur\u00f3 que el medicamento ya les lleg\u00f3 y solo est\u00e1n a la espera que COFEPRIS avale la liberaci\u00f3n del mismo, lo cual podr\u00eda ser en 10 d\u00edas m\u00e1ximo, quiz\u00e1 antes.<\/p>\n\n\n\n<p>Los directivos de INSABI les solicitaron hacer un censo de los ni\u00f1os en el Hospital de Veracruz y detallar los medicamentos espec\u00edficos que se necesitan, para poderles entregar esas claves (formulas) a la brevedad.<\/p>\n\n\n\n<p>&#8220;Todo el Hospital est\u00e1 en una situaci\u00f3n muy p\u00e9sima, se ve por fuera muy bonito pero se estaba desmoronando, ellos ahorita nada m\u00e1s estaban haciendo los an\u00e1lisis, y ponerse de acuerdo creo con el director del hospital para empezar, y que piso empezar\u00edan a trabajar. El problema ellos dicen, el an\u00e1lisis fue, que los climas son los que est\u00e1n haciendo que se est\u00e9 cayendo a pedacitos nuestro hospital, van a sellarlos y van a ver detalles de los que hay m\u00e1s en el hospital, para que el hospital ya vuelva a quedar en buenas condiciones&#8221;, subray\u00f3.<\/p>\n\n\n\n<p>En caso de no lograr los medicamentos en 10 d\u00edas, la vocera asegur\u00f3 que volver\u00e1n a bloquear y realizar un plant\u00f3n, aunque ahora se coordinar\u00edan guardias de una madre por d\u00eda, para que no se torne pesado para todas, ya que muchas vienen de municipios lejanos.<\/p>\n\n\n\n<p>Finalmente, dijo que el caso de Iker es especial, a pesar de que todos necesitan con urgencia la atenci\u00f3n, pero Iker es candidato a trasplante de medula, por lo que este mi\u00e9rcoles le fue entregado y aplicado su medicamento para, conforme a su rehabilitaci\u00f3n, pueda ser programado para su trasplante de medula \u00f3sea.<\/p>\n\n\n\n<figure class=\"wp-block-image size-large\"><img loading=\"lazy\" decoding=\"async\" width=\"1024\" height=\"768\" src=\"https:\/\/encuentroinformativo.com.mx\/wp-content\/uploads\/2021\/07\/398503CD-F9B5-4F94-A2DC-936B82B44F7C-1024x768.jpeg\" alt=\"\" class=\"wp-image-16479\" srcset=\"https:\/\/encuentroinformativo.com.mx\/wp-content\/uploads\/2021\/07\/398503CD-F9B5-4F94-A2DC-936B82B44F7C-1024x768.jpeg 1024w, https:\/\/encuentroinformativo.com.mx\/wp-content\/uploads\/2021\/07\/398503CD-F9B5-4F94-A2DC-936B82B44F7C-300x225.jpeg 300w, https:\/\/encuentroinformativo.com.mx\/wp-content\/uploads\/2021\/07\/398503CD-F9B5-4F94-A2DC-936B82B44F7C-768x576.jpeg 768w, https:\/\/encuentroinformativo.com.mx\/wp-content\/uploads\/2021\/07\/398503CD-F9B5-4F94-A2DC-936B82B44F7C-1536x1153.jpeg 1536w, https:\/\/encuentroinformativo.com.mx\/wp-content\/uploads\/2021\/07\/398503CD-F9B5-4F94-A2DC-936B82B44F7C.jpeg 1599w\" sizes=\"auto, (max-width: 1024px) 100vw, 1024px\" \/><\/figure>\n","protected":false},"excerpt":{"rendered":"<p>Alejandro \u00c1vila Veracruz, Ver.- Alrededor de las 10 de la ma\u00f1ana de este jueves, madres de ni\u00f1os con c\u00e1ncer levantaron el campamento y bloqueo que ten\u00edan sobre la avenida 20 de noviembre, frente al Hospital Infantil en Veracruz puerto. La vocera de las madres, Cora de Jes\u00fas Rodr\u00edguez, mencion\u00f3 que no lograron pr\u00e1cticamente nada; aunque [&hellip;]<\/p>\n","protected":false},"author":1,"featured_media":16478,"comment_status":"open","ping_status":"open","sticky":false,"template":"","format":"standard","meta":{"_jetpack_memberships_contains_paid_content":false,"footnotes":""},"categories":[9],"tags":[],"class_list":["post-16477","post","type-post","status-publish","format-standard","has-post-thumbnail","hentry","category-salud"],"jetpack_featured_media_url":"https:\/\/encuentroinformativo.com.mx\/wp-content\/uploads\/2021\/07\/6FA8AEEA-ED47-4EA0-95D0-925EE3671DE7.jpeg","jetpack_sharing_enabled":true,"jetpack_likes_enabled":true,"amp_enabled":true,"_links":{"self":[{"href":"https:\/\/encuentroinformativo.com.mx\/index.php?rest_route=\/wp\/v2\/posts\/16477","targetHints":{"allow":["GET"]}}],"collection":[{"href":"https:\/\/encuentroinformativo.com.mx\/index.php?rest_route=\/wp\/v2\/posts"}],"about":[{"href":"https:\/\/encuentroinformativo.com.mx\/index.php?rest_route=\/wp\/v2\/types\/post"}],"author":[{"embeddable":true,"href":"https:\/\/encuentroinformativo.com.mx\/index.php?rest_route=\/wp\/v2\/users\/1"}],"replies":[{"embeddable":true,"href":"https:\/\/encuentroinformativo.com.mx\/index.php?rest_route=%2Fwp%2Fv2%2Fcomments&post=16477"}],"version-history":[{"count":1,"href":"https:\/\/encuentroinformativo.com.mx\/index.php?rest_route=\/wp\/v2\/posts\/16477\/revisions"}],"predecessor-version":[{"id":16480,"href":"https:\/\/encuentroinformativo.com.mx\/index.php?rest_route=\/wp\/v2\/posts\/16477\/revisions\/16480"}],"wp:featuredmedia":[{"embeddable":true,"href":"https:\/\/encuentroinformativo.com.mx\/index.php?rest_route=\/wp\/v2\/media\/16478"}],"wp:attachment":[{"href":"https:\/\/encuentroinformativo.com.mx\/index.php?rest_route=%2Fwp%2Fv2%2Fmedia&parent=16477"}],"wp:term":[{"taxonomy":"category","embeddable":true,"href":"https:\/\/encuentroinformativo.com.mx\/index.php?rest_route=%2Fwp%2Fv2%2Fcategories&post=16477"},{"taxonomy":"post_tag","embeddable":true,"href":"https:\/\/encuentroinformativo.com.mx\/index.php?rest_route=%2Fwp%2Fv2%2Ftags&post=16477"}],"curies":[{"name":"wp","href":"https:\/\/api.w.org\/{rel}","templated":true}]}}