{"id":16481,"date":"2021-07-15T14:29:48","date_gmt":"2021-07-15T19:29:48","guid":{"rendered":"https:\/\/encuentroinformativo.com.mx\/?p=16481"},"modified":"2021-07-15T14:29:52","modified_gmt":"2021-07-15T19:29:52","slug":"exhuman-cuerpos-en-palo-verde-buscan-a-ricardo","status":"publish","type":"post","link":"https:\/\/encuentroinformativo.com.mx\/?p=16481","title":{"rendered":"Exhuman cuerpos en Palo Verde, buscan a Ricardo"},"content":{"rendered":"\n<p><strong>Juan Arcos <\/strong><\/p>\n\n\n\n<p>Xalapa, Ver.- Personal de la Fiscal\u00eda General del Estado (FGE) exhum\u00f3 cuatro cuerpos en el pante\u00f3n Palo Verde de esta ciudad de Xalapa, para la localizaci\u00f3n de Ricardo Guzm\u00e1n P\u00e9rez, quien desapareci\u00f3 el 27 de octubre de 2011 en la capital de Veracruz.<\/p>\n\n\n\n<p>Desde las seis de la ma\u00f1ana de este jueves 15 de julio, peritos forenses llevaron a cabo los trabajos correspondientes en la fosa com\u00fan, en compa\u00f1\u00eda de los familiares del joven que ten\u00eda 33 a\u00f1os cuando desapareci\u00f3.<\/p>\n\n\n\n<p>Personal de la Comisi\u00f3n Estatal de Derechos Humanos (CEDH) dio acompa\u00f1amiento a la familia durante las siete horas que duraron los trabajos para extraer los restos humanos.\u00a0<br>Aurea, hermana del desaparecido, mencion\u00f3 que la Direcci\u00f3n General de Servicios Periciales llevar\u00e1 a cabo nuevamente las pruebas de ADN para confirmar que uno de los cuerpos corresponde al de Ricardo.<\/p>\n\n\n\n<p>\u201cAhorita nada m\u00e1s sacaron tres cuerpos, con el que se presume que es mi hermano son cuatro. Me dicen que van a hacer otra vez pruebas de ADN, que tardan, pero vamos a ver que nos dice Periciales, no me dieron ninguna fecha aproximada\u201d.<\/p>\n\n\n\n<p>Record\u00f3 que, desde hace a\u00f1os, Servicios Periciales ya contaba con resultados de las pruebas de ADN que realizaron a su madre para compararlas con el cuerpo que fue encontrado cinco d\u00edas despu\u00e9s de la desaparici\u00f3n de Ricardo en la barranca \u201cEl Boquer\u00f3n\u201d, municipio de Banderilla, y luego depositado en la fosa com\u00fan del cementerio, ubicado sobre las avenidas L\u00e1zaro C\u00e1rdenas y 20 de Noviembre.<\/p>\n\n\n\n<p>El joven fue levantado afuera de su vivienda en la colonia Salud, cerca del camino hacia Coapexpan, donde, se presume, fue confundido con otra persona y dicha situaci\u00f3n le cost\u00f3 la vida, dejando en la orfandad a un ni\u00f1o, de ocho a\u00f1os, a quien manten\u00eda con su salario de mesero.<\/p>\n\n\n\n<p>El pasado 6 de julio, Aurea acus\u00f3 omisiones por parte de la Fiscal\u00eda General del Estado en el caso, pues aunque logr\u00f3 reconocer a su hermano en fotograf\u00edas \u201cborrosas\u201d que le mostr\u00f3 personal de Servicios Periciales, por la forma de su barbilla y un tatuaje de espinas en el brazo derecho, el cuerpo no hab\u00eda sido exhumado.<\/p>\n\n\n\n<p>De manera reciente, integrantes de diversos colectivos de familiares de desaparecidos denunciaron que una de las fosas clandestinas m\u00e1s grandes en el estado de Veracruz se encuentra al interior del Pante\u00f3n Palo Verde, \u201cdisfrazadas\u201d de fosas comunes.<\/p>\n\n\n\n<figure class=\"wp-block-image size-large\"><img loading=\"lazy\" decoding=\"async\" width=\"1024\" height=\"768\" src=\"https:\/\/encuentroinformativo.com.mx\/wp-content\/uploads\/2021\/07\/DEEAE1C9-259F-4639-B079-2A2D1E59FE91-1024x768.jpeg\" alt=\"\" class=\"wp-image-16483\" srcset=\"https:\/\/encuentroinformativo.com.mx\/wp-content\/uploads\/2021\/07\/DEEAE1C9-259F-4639-B079-2A2D1E59FE91-1024x768.jpeg 1024w, https:\/\/encuentroinformativo.com.mx\/wp-content\/uploads\/2021\/07\/DEEAE1C9-259F-4639-B079-2A2D1E59FE91-300x225.jpeg 300w, https:\/\/encuentroinformativo.com.mx\/wp-content\/uploads\/2021\/07\/DEEAE1C9-259F-4639-B079-2A2D1E59FE91-768x576.jpeg 768w, https:\/\/encuentroinformativo.com.mx\/wp-content\/uploads\/2021\/07\/DEEAE1C9-259F-4639-B079-2A2D1E59FE91.jpeg 1320w\" sizes=\"auto, (max-width: 1024px) 100vw, 1024px\" \/><\/figure>\n","protected":false},"excerpt":{"rendered":"<p>Juan Arcos Xalapa, Ver.- Personal de la Fiscal\u00eda General del Estado (FGE) exhum\u00f3 cuatro cuerpos en el pante\u00f3n Palo Verde de esta ciudad de Xalapa, para la localizaci\u00f3n de Ricardo Guzm\u00e1n P\u00e9rez, quien desapareci\u00f3 el 27 de octubre de 2011 en la capital de Veracruz. Desde las seis de la ma\u00f1ana de este jueves 15 [&hellip;]<\/p>\n","protected":false},"author":1,"featured_media":16482,"comment_status":"open","ping_status":"open","sticky":false,"template":"","format":"standard","meta":{"_jetpack_memberships_contains_paid_content":false,"footnotes":""},"categories":[3],"tags":[],"class_list":["post-16481","post","type-post","status-publish","format-standard","has-post-thumbnail","hentry","category-xalapa"],"jetpack_featured_media_url":"https:\/\/encuentroinformativo.com.mx\/wp-content\/uploads\/2021\/07\/C006A22E-6404-4B7E-A428-B0CC090FA05A.jpeg","jetpack_sharing_enabled":true,"jetpack_likes_enabled":true,"amp_enabled":true,"_links":{"self":[{"href":"https:\/\/encuentroinformativo.com.mx\/index.php?rest_route=\/wp\/v2\/posts\/16481","targetHints":{"allow":["GET"]}}],"collection":[{"href":"https:\/\/encuentroinformativo.com.mx\/index.php?rest_route=\/wp\/v2\/posts"}],"about":[{"href":"https:\/\/encuentroinformativo.com.mx\/index.php?rest_route=\/wp\/v2\/types\/post"}],"author":[{"embeddable":true,"href":"https:\/\/encuentroinformativo.com.mx\/index.php?rest_route=\/wp\/v2\/users\/1"}],"replies":[{"embeddable":true,"href":"https:\/\/encuentroinformativo.com.mx\/index.php?rest_route=%2Fwp%2Fv2%2Fcomments&post=16481"}],"version-history":[{"count":1,"href":"https:\/\/encuentroinformativo.com.mx\/index.php?rest_route=\/wp\/v2\/posts\/16481\/revisions"}],"predecessor-version":[{"id":16484,"href":"https:\/\/encuentroinformativo.com.mx\/index.php?rest_route=\/wp\/v2\/posts\/16481\/revisions\/16484"}],"wp:featuredmedia":[{"embeddable":true,"href":"https:\/\/encuentroinformativo.com.mx\/index.php?rest_route=\/wp\/v2\/media\/16482"}],"wp:attachment":[{"href":"https:\/\/encuentroinformativo.com.mx\/index.php?rest_route=%2Fwp%2Fv2%2Fmedia&parent=16481"}],"wp:term":[{"taxonomy":"category","embeddable":true,"href":"https:\/\/encuentroinformativo.com.mx\/index.php?rest_route=%2Fwp%2Fv2%2Fcategories&post=16481"},{"taxonomy":"post_tag","embeddable":true,"href":"https:\/\/encuentroinformativo.com.mx\/index.php?rest_route=%2Fwp%2Fv2%2Ftags&post=16481"}],"curies":[{"name":"wp","href":"https:\/\/api.w.org\/{rel}","templated":true}]}}