{"id":16488,"date":"2021-07-15T15:27:41","date_gmt":"2021-07-15T20:27:41","guid":{"rendered":"https:\/\/encuentroinformativo.com.mx\/?p=16488"},"modified":"2021-07-15T15:27:44","modified_gmt":"2021-07-15T20:27:44","slug":"maria-lucha-por-su-vida-tras-accidente-que-provoco-presunto-elemento-de-gn","status":"publish","type":"post","link":"https:\/\/encuentroinformativo.com.mx\/?p=16488","title":{"rendered":"Mar\u00eda lucha por su vida tras accidente que provoc\u00f3 presunto elemento de GN"},"content":{"rendered":"\n<p><strong>Alejandro \u00c1vila<\/strong><\/p>\n\n\n\n<p>Veracruz, Ver. &#8211; Mar\u00eda Damaris Garc\u00eda Vald\u00e9s, de 22 a\u00f1os, quien permanece hospitalizada con severas heridas en el cuerpo desde el pasado 8 de julio, lucha por su vida tras un accidente provocado por el estado de ebriedad en el que conduc\u00eda un presunto elemento de la Guardia Nacional, de nombre Hugo Adriel \u201cL\u201d.<\/p>\n\n\n\n<p>La prima de la joven, Milagros de Jes\u00fas Paredes Santiago, relat\u00f3 que el pasado jueves 8 de abril, tras regresar de una fiesta, el Hugo Adriel manejando una camioneta Chevrolet color negra, perdi\u00f3 el control sobre la calle Ejercito mexicano, debajo del puente de La Boticaria, cuando intentaba incorporarse a la avenida Salvador D\u00edaz Mir\u00f3n, donde la acompa\u00f1ante en el asiento trasero sufri\u00f3 la peor parte.<\/p>\n\n\n\n<p>\u201c\u00c9l es activo de la Guardia Nacional (\u2026) s\u00ed, iba en estado de ebriedad. Todo eso supuestamente lo que nos dijeron es que eso lo quitaron de la nota, a \u00e9l le quitaron ese cargo de que no iba en estado de ebriedad, pero s\u00ed iban en estado de ebriedad los tres (\u2026) hasta ahorita no se ha hecho responsable, tenemos una semana, la queremos mover de aqu\u00ed y no la hemos podido mover, porque pues tampoco tenemos la cantidad que nos pide el Hospital De Mar\u00eda\u201d, mencion\u00f3 su prima.<\/p>\n\n\n\n<p>La afectada es nacida en el municipio de Cosamaloapan y tiene seis a\u00f1os viviendo en el puerto de Veracruz, el responsable y presunto elemento de la Guardia Nacional es nativo de Minatitl\u00e1n, novio de la amiga de su prima.<\/p>\n\n\n\n<p>\u201cNo nos han querido responde hasta ahorita, vinieron a querernos dar mil pesos, \u00bfQu\u00e9 vamos a hacer con mil pesos?, de ah\u00ed en la Fiscal\u00eda tambi\u00e9n nos quisieron dar dinero, pero pues esa cantidad no cubre los gastos que nosotros necesitamos, tiene que ser una operaci\u00f3n pues bastante fuerte (\u2026) ella f\u00edsicamente tiene el f\u00e9mur derecho partido en tres partes, la medula espinal tambi\u00e9n la tiene fisurada, no sabemos que es lo que tiene en s\u00ed, s\u00ed ha recibido atenci\u00f3n, pero igual aqu\u00ed no nos la pueden operar, porque los quir\u00f3fanos est\u00e1n fuera de servicio\u201d, coment\u00f3.<\/p>\n\n\n\n<p>Milagros de Jes\u00fas, pide el apoyo de las autoridades para que el responsable del accidente se haga cargo de los gastos de la operaci\u00f3n y rehabilitaci\u00f3n de su prima, mismos que asegura son altos y no puede cubrirlos la familia.<\/p>\n","protected":false},"excerpt":{"rendered":"<p>Alejandro \u00c1vila Veracruz, Ver. &#8211; Mar\u00eda Damaris Garc\u00eda Vald\u00e9s, de 22 a\u00f1os, quien permanece hospitalizada con severas heridas en el cuerpo desde el pasado 8 de julio, lucha por su vida tras un accidente provocado por el estado de ebriedad en el que conduc\u00eda un presunto elemento de la Guardia Nacional, de nombre Hugo Adriel [&hellip;]<\/p>\n","protected":false},"author":1,"featured_media":16489,"comment_status":"open","ping_status":"open","sticky":false,"template":"","format":"standard","meta":{"_jetpack_memberships_contains_paid_content":false,"footnotes":""},"categories":[14],"tags":[],"class_list":["post-16488","post","type-post","status-publish","format-standard","has-post-thumbnail","hentry","category-policiaca"],"jetpack_featured_media_url":"https:\/\/encuentroinformativo.com.mx\/wp-content\/uploads\/2021\/07\/9CD8146F-8B9E-40D6-AC2A-E6C492EF96E3.jpeg","jetpack_sharing_enabled":true,"jetpack_likes_enabled":true,"amp_enabled":true,"_links":{"self":[{"href":"https:\/\/encuentroinformativo.com.mx\/index.php?rest_route=\/wp\/v2\/posts\/16488","targetHints":{"allow":["GET"]}}],"collection":[{"href":"https:\/\/encuentroinformativo.com.mx\/index.php?rest_route=\/wp\/v2\/posts"}],"about":[{"href":"https:\/\/encuentroinformativo.com.mx\/index.php?rest_route=\/wp\/v2\/types\/post"}],"author":[{"embeddable":true,"href":"https:\/\/encuentroinformativo.com.mx\/index.php?rest_route=\/wp\/v2\/users\/1"}],"replies":[{"embeddable":true,"href":"https:\/\/encuentroinformativo.com.mx\/index.php?rest_route=%2Fwp%2Fv2%2Fcomments&post=16488"}],"version-history":[{"count":1,"href":"https:\/\/encuentroinformativo.com.mx\/index.php?rest_route=\/wp\/v2\/posts\/16488\/revisions"}],"predecessor-version":[{"id":16490,"href":"https:\/\/encuentroinformativo.com.mx\/index.php?rest_route=\/wp\/v2\/posts\/16488\/revisions\/16490"}],"wp:featuredmedia":[{"embeddable":true,"href":"https:\/\/encuentroinformativo.com.mx\/index.php?rest_route=\/wp\/v2\/media\/16489"}],"wp:attachment":[{"href":"https:\/\/encuentroinformativo.com.mx\/index.php?rest_route=%2Fwp%2Fv2%2Fmedia&parent=16488"}],"wp:term":[{"taxonomy":"category","embeddable":true,"href":"https:\/\/encuentroinformativo.com.mx\/index.php?rest_route=%2Fwp%2Fv2%2Fcategories&post=16488"},{"taxonomy":"post_tag","embeddable":true,"href":"https:\/\/encuentroinformativo.com.mx\/index.php?rest_route=%2Fwp%2Fv2%2Ftags&post=16488"}],"curies":[{"name":"wp","href":"https:\/\/api.w.org\/{rel}","templated":true}]}}