{"id":16491,"date":"2021-07-15T15:40:11","date_gmt":"2021-07-15T20:40:11","guid":{"rendered":"https:\/\/encuentroinformativo.com.mx\/?p=16491"},"modified":"2021-07-15T15:40:15","modified_gmt":"2021-07-15T20:40:15","slug":"emprendedores-acusan-falta-de-financiamiento-gubernamental","status":"publish","type":"post","link":"https:\/\/encuentroinformativo.com.mx\/?p=16491","title":{"rendered":"Emprendedores acusan falta de financiamiento gubernamental"},"content":{"rendered":"\n<p><strong>Alejandro \u00c1vila<\/strong><\/p>\n\n\n\n<p>Veracruz, Ver.- Las autoridades estatales cancelaron los programas de financiamiento para emprendedores que, durante la pandemia, hab\u00eda sobrevivido a la crisis econ\u00f3mica, mediante ventas en l\u00ednea, mencion\u00f3, Ulises Franco Segura creador de <strong><em>Mercadito Veracruzano<\/em><\/strong>.\u00a0<\/p>\n\n\n\n<p>\u201cLa falta de apoyo por parte de las autoridades gubernamentales, la cancelaci\u00f3n de programas de financiamiento y capacitaci\u00f3n nos ha obligado a unirnos, a apoyarnos entre todos, buscar herramientas y espacios en donde poder comercializar nuestros productos para poder salir adelante\u201d, subray\u00f3 el comerciante.<\/p>\n\n\n\n<p>Ulises Franco Segura detall\u00f3 que, Mercadito Veracruzano naci\u00f3 hace dos a\u00f1os, sin embargo a ra\u00edz del confinamiento por COVID-19, se transform\u00f3 en una plataforma virtual de venta en redes sociales.<\/p>\n\n\n\n<p>En ese sentido, invit\u00f3 a la ciudadan\u00eda a la primera edici\u00f3n de la Expo Mercadito Veracruzano, la cual se realizar\u00e1 el pr\u00f3ximo domingo 18 de julio en punto de las 12 del d\u00eda en el Hotel Ramada, donde se dar\u00e1n cita 70 emprendedores con giros como: cosm\u00e9tica natural, papeler\u00eda, desayunos sorpresa, joyer\u00eda, accesorios, diademas, art\u00edculos personalizados, ropa second hands, alimentos y muchos m\u00e1s.<\/p>\n\n\n\n<p>Para todos los emprendedores que quieran pertenecer a Mercadito Veracruzano puedes contactarlos a trav\u00e9s de sus redes sociales en Facebook e Instagram.<\/p>\n","protected":false},"excerpt":{"rendered":"<p>Alejandro \u00c1vila Veracruz, Ver.- Las autoridades estatales cancelaron los programas de financiamiento para emprendedores que, durante la pandemia, hab\u00eda sobrevivido a la crisis econ\u00f3mica, mediante ventas en l\u00ednea, mencion\u00f3, Ulises Franco Segura creador de Mercadito Veracruzano.\u00a0 \u201cLa falta de apoyo por parte de las autoridades gubernamentales, la cancelaci\u00f3n de programas de financiamiento y capacitaci\u00f3n nos [&hellip;]<\/p>\n","protected":false},"author":1,"featured_media":16492,"comment_status":"open","ping_status":"open","sticky":false,"template":"","format":"standard","meta":{"_jetpack_memberships_contains_paid_content":false,"footnotes":""},"categories":[2],"tags":[],"class_list":["post-16491","post","type-post","status-publish","format-standard","has-post-thumbnail","hentry","category-estado"],"jetpack_featured_media_url":"https:\/\/encuentroinformativo.com.mx\/wp-content\/uploads\/2021\/07\/5328CD2C-1A65-4A32-8A9E-54880F0B3B25.jpeg","jetpack_sharing_enabled":true,"jetpack_likes_enabled":true,"amp_enabled":true,"_links":{"self":[{"href":"https:\/\/encuentroinformativo.com.mx\/index.php?rest_route=\/wp\/v2\/posts\/16491","targetHints":{"allow":["GET"]}}],"collection":[{"href":"https:\/\/encuentroinformativo.com.mx\/index.php?rest_route=\/wp\/v2\/posts"}],"about":[{"href":"https:\/\/encuentroinformativo.com.mx\/index.php?rest_route=\/wp\/v2\/types\/post"}],"author":[{"embeddable":true,"href":"https:\/\/encuentroinformativo.com.mx\/index.php?rest_route=\/wp\/v2\/users\/1"}],"replies":[{"embeddable":true,"href":"https:\/\/encuentroinformativo.com.mx\/index.php?rest_route=%2Fwp%2Fv2%2Fcomments&post=16491"}],"version-history":[{"count":1,"href":"https:\/\/encuentroinformativo.com.mx\/index.php?rest_route=\/wp\/v2\/posts\/16491\/revisions"}],"predecessor-version":[{"id":16493,"href":"https:\/\/encuentroinformativo.com.mx\/index.php?rest_route=\/wp\/v2\/posts\/16491\/revisions\/16493"}],"wp:featuredmedia":[{"embeddable":true,"href":"https:\/\/encuentroinformativo.com.mx\/index.php?rest_route=\/wp\/v2\/media\/16492"}],"wp:attachment":[{"href":"https:\/\/encuentroinformativo.com.mx\/index.php?rest_route=%2Fwp%2Fv2%2Fmedia&parent=16491"}],"wp:term":[{"taxonomy":"category","embeddable":true,"href":"https:\/\/encuentroinformativo.com.mx\/index.php?rest_route=%2Fwp%2Fv2%2Fcategories&post=16491"},{"taxonomy":"post_tag","embeddable":true,"href":"https:\/\/encuentroinformativo.com.mx\/index.php?rest_route=%2Fwp%2Fv2%2Ftags&post=16491"}],"curies":[{"name":"wp","href":"https:\/\/api.w.org\/{rel}","templated":true}]}}