{"id":16500,"date":"2021-07-15T16:30:58","date_gmt":"2021-07-15T21:30:58","guid":{"rendered":"https:\/\/encuentroinformativo.com.mx\/?p=16500"},"modified":"2021-07-15T16:31:02","modified_gmt":"2021-07-15T21:31:02","slug":"sin-fecha-para-explorar-terrenos-en-rinconada-por-presuntas-fosas","status":"publish","type":"post","link":"https:\/\/encuentroinformativo.com.mx\/?p=16500","title":{"rendered":"Sin fecha para explorar terrenos en Rinconada por presuntas fosas"},"content":{"rendered":"\n<p><strong>Juan Arcos <\/strong><\/p>\n\n\n\n<p>Xalapa, Ver.- A\u00fan no existe una fecha para labores de b\u00fasqueda en una posible fosa clandestina en la zona de Rinconada, municipio de Emiliano Zapata, confirm\u00f3 la encargada de despacho de la Comisi\u00f3n Estatal de B\u00fasqueda, Brenda Cer\u00f3n Chagoya.<\/p>\n\n\n\n<p>Dijo tener conocimiento de la existencia de dicho punto de exploraci\u00f3n, localizado entre los l\u00edmites de los municipios de Emiliano Zapata y Apazapan, donde hay indicios de un cementerio ilegal que no ha sido examinado, de manera exhaustiva, por la Fiscal\u00eda General del Estado (FGE).<\/p>\n\n\n\n<p>Se trata de un predio particular, conocido como Amelco o El Ranchito, donde han sido encontrados restos humanos de varias personas.<\/p>\n\n\n\n<p>\u201cRecordemos que todos los predios que pertenecen a personas tenemos que esperar las autorizaciones judiciales para que podamos intervenir como autoridades en estos espacios\u201d.<\/p>\n\n\n\n<p>Cer\u00f3n Chagoya refiri\u00f3 que en esta caso es la Fiscal\u00eda de Veracruz quien podr\u00eda conocer una fecha probable para llevar a cabo la b\u00fasqueda de cuerpos, toda vez que se trata de una propiedad privada.<\/p>\n\n\n\n<p>\u201cTendr\u00edamos que preguntar a la fiscal que lleva el caso para que podamos tener una respuesta sobre eso\u201d, enfatiz\u00f3.<\/p>\n\n\n\n<p>Cer\u00f3n Chagoya dio a conocer que cada semana se realizan b\u00fasquedas de restos humanos en siete puntos del estado de Veracruz, para la localizaci\u00f3n de fosas clandestinas.<\/p>\n\n\n\n<p>A\u00f1adi\u00f3 que en la actualidad est\u00e1n a la espera de los permisos correspondientes para buscar cuerpos en propiedades privadas.<\/p>\n\n\n\n<p>\u201cTenemos varios puntos que vamos activ\u00e1ndolos semana por semana, estamos trabajando de manera constante en el norte, centro y sur del estado, sin parar. Estamos hablando de que estamos llevando a cabo de seis a siete b\u00fasquedas a la semana\u201d.<\/p>\n\n\n\n<p>Finalmente, mencion\u00f3 que la Comisi\u00f3n Estatal de B\u00fasqueda recibe diversas solicitudes para la realizaci\u00f3n de prospecciones y as\u00ed descartar o confirmar la existencia de cementerios clandestinos en la entidad.<\/p>\n","protected":false},"excerpt":{"rendered":"<p>Juan Arcos Xalapa, Ver.- A\u00fan no existe una fecha para labores de b\u00fasqueda en una posible fosa clandestina en la zona de Rinconada, municipio de Emiliano Zapata, confirm\u00f3 la encargada de despacho de la Comisi\u00f3n Estatal de B\u00fasqueda, Brenda Cer\u00f3n Chagoya. Dijo tener conocimiento de la existencia de dicho punto de exploraci\u00f3n, localizado entre los [&hellip;]<\/p>\n","protected":false},"author":1,"featured_media":16501,"comment_status":"open","ping_status":"open","sticky":false,"template":"","format":"standard","meta":{"_jetpack_memberships_contains_paid_content":false,"footnotes":""},"categories":[8],"tags":[],"class_list":["post-16500","post","type-post","status-publish","format-standard","has-post-thumbnail","hentry","category-region"],"jetpack_featured_media_url":"https:\/\/encuentroinformativo.com.mx\/wp-content\/uploads\/2021\/07\/CB37F8F5-BB33-41C8-B591-F470135BABAD.jpeg","jetpack_sharing_enabled":true,"jetpack_likes_enabled":true,"amp_enabled":true,"_links":{"self":[{"href":"https:\/\/encuentroinformativo.com.mx\/index.php?rest_route=\/wp\/v2\/posts\/16500","targetHints":{"allow":["GET"]}}],"collection":[{"href":"https:\/\/encuentroinformativo.com.mx\/index.php?rest_route=\/wp\/v2\/posts"}],"about":[{"href":"https:\/\/encuentroinformativo.com.mx\/index.php?rest_route=\/wp\/v2\/types\/post"}],"author":[{"embeddable":true,"href":"https:\/\/encuentroinformativo.com.mx\/index.php?rest_route=\/wp\/v2\/users\/1"}],"replies":[{"embeddable":true,"href":"https:\/\/encuentroinformativo.com.mx\/index.php?rest_route=%2Fwp%2Fv2%2Fcomments&post=16500"}],"version-history":[{"count":1,"href":"https:\/\/encuentroinformativo.com.mx\/index.php?rest_route=\/wp\/v2\/posts\/16500\/revisions"}],"predecessor-version":[{"id":16502,"href":"https:\/\/encuentroinformativo.com.mx\/index.php?rest_route=\/wp\/v2\/posts\/16500\/revisions\/16502"}],"wp:featuredmedia":[{"embeddable":true,"href":"https:\/\/encuentroinformativo.com.mx\/index.php?rest_route=\/wp\/v2\/media\/16501"}],"wp:attachment":[{"href":"https:\/\/encuentroinformativo.com.mx\/index.php?rest_route=%2Fwp%2Fv2%2Fmedia&parent=16500"}],"wp:term":[{"taxonomy":"category","embeddable":true,"href":"https:\/\/encuentroinformativo.com.mx\/index.php?rest_route=%2Fwp%2Fv2%2Fcategories&post=16500"},{"taxonomy":"post_tag","embeddable":true,"href":"https:\/\/encuentroinformativo.com.mx\/index.php?rest_route=%2Fwp%2Fv2%2Ftags&post=16500"}],"curies":[{"name":"wp","href":"https:\/\/api.w.org\/{rel}","templated":true}]}}