{"id":16503,"date":"2021-07-15T17:33:50","date_gmt":"2021-07-15T22:33:50","guid":{"rendered":"https:\/\/encuentroinformativo.com.mx\/?p=16503"},"modified":"2021-07-15T17:33:54","modified_gmt":"2021-07-15T22:33:54","slug":"veracruz-retornaria-a-clases-en-agosto-gobernador","status":"publish","type":"post","link":"https:\/\/encuentroinformativo.com.mx\/?p=16503","title":{"rendered":"Veracruz retornar\u00eda a clases en agosto: Gobernador"},"content":{"rendered":"\n<p><strong>Juan Arcos<\/strong><\/p>\n\n\n\n<p>Xalapa, Ver.- El gobernador de Veracruz, Cuitl\u00e1huac Garc\u00eda Jim\u00e9nez, confirm\u00f3 que los estudiantes de todos los niveles educativas regresar\u00e1n a clases presenciales el pr\u00f3ximo 30 de agosto, para el ciclo escolar 2021-2022.<\/p>\n\n\n\n<p>En conferencia de prensa, el mandatario estatal record\u00f3 que el gobierno federal es quien dictamina el inicio de clases y las modalidades correspondientes, ante la pandemia del SARS-COV-2 (COVID-19).<\/p>\n\n\n\n<p>\u201cEl tema educativo, en estos aspectos, est\u00e1 federalizado, ellos marcan la pauta, la Secretar\u00eda de Educaci\u00f3n P\u00fablica y todos los estados, sin excepci\u00f3n, iniciamos el ciclo escolar tal como laSEP lo marca y las modalidades en que lo marcan, las condiciones, etc\u00e9tera\u201d.<\/p>\n\n\n\n<p>Desde Palacio de Gobierno, dijo estar de acuerdo con el regreso a las aulas para garantizar el desarrollo acad\u00e9mico de los estudiantes, mismo que se ha visto mermado por el confinamiento.<\/p>\n\n\n\n<p>\u201cPedag\u00f3gicamente lo he dicho aqu\u00ed y lo vuelvo a reiterar no se puede prescindir en la formaci\u00f3n de la ni\u00f1ez, de la interacci\u00f3n entre docente, alumnado y el propio entorno del ni\u00f1o, la ni\u00f1a, en su sal\u00f3n. Es una cuesti\u00f3n pedag\u00f3gica que en las estrategias de ense\u00f1anza aprendizaje se tiene que aprovechar, el desenvolvimiento psicosocial de la ni\u00f1ez y del joven se forma en la interacci\u00f3n con otros individuos\u201d.<\/p>\n\n\n\n<p>El titular del Poder Ejecutivo critic\u00f3 que los l\u00edderes de los sindicados magisteriales se hayan pronunciado en contra del regreso a clases presenciales y enfatiz\u00f3 que los mismos docentes han solicitado el retorno a las aulas.<\/p>\n\n\n\n<p>\u201cHay un interdependencia social, la formaci\u00f3n para encajar en esta comuni\u00f3n se da desde la escuela y desde ah\u00ed tenemos que armar a esta ni\u00f1ez y juventud para su propio beneficio en este marco social\u201d.<\/p>\n\n\n\n<p>Garc\u00eda Jim\u00e9nez indic\u00f3 que es necesario replantear el regreso a clases presenciales, toda vez que el retorno a las aulas no podr\u00eda ser igual que antes de la pandemia del coronavirus.<\/p>\n\n\n\n<p>\u201cTenemos que reiniciar tomando en cuenta que hay una pandemia y un Plan Nacional de Vacunaci\u00f3n en marcha\u201d, enfatiz\u00f3 el Gobernador de Veracruz.<\/p>\n\n\n\n<p>Cabe recordar que esta entidad se mantiene en sem\u00e1foro amarillo, de riesgo medio de contagio, con m\u00e1s de 69 mil 800 confirmados, casi 10 mil 300 defunciones y m\u00e1s de 11 mil 500 sospechosos.<\/p>\n","protected":false},"excerpt":{"rendered":"<p>Juan Arcos Xalapa, Ver.- El gobernador de Veracruz, Cuitl\u00e1huac Garc\u00eda Jim\u00e9nez, confirm\u00f3 que los estudiantes de todos los niveles educativas regresar\u00e1n a clases presenciales el pr\u00f3ximo 30 de agosto, para el ciclo escolar 2021-2022. En conferencia de prensa, el mandatario estatal record\u00f3 que el gobierno federal es quien dictamina el inicio de clases y las [&hellip;]<\/p>\n","protected":false},"author":1,"featured_media":16504,"comment_status":"open","ping_status":"open","sticky":false,"template":"","format":"standard","meta":{"_jetpack_memberships_contains_paid_content":false,"footnotes":""},"categories":[2],"tags":[],"class_list":["post-16503","post","type-post","status-publish","format-standard","has-post-thumbnail","hentry","category-estado"],"jetpack_featured_media_url":"https:\/\/encuentroinformativo.com.mx\/wp-content\/uploads\/2021\/07\/77B50F01-EA41-4D67-955F-AC30FBBE38EB.jpeg","jetpack_sharing_enabled":true,"jetpack_likes_enabled":true,"amp_enabled":true,"_links":{"self":[{"href":"https:\/\/encuentroinformativo.com.mx\/index.php?rest_route=\/wp\/v2\/posts\/16503","targetHints":{"allow":["GET"]}}],"collection":[{"href":"https:\/\/encuentroinformativo.com.mx\/index.php?rest_route=\/wp\/v2\/posts"}],"about":[{"href":"https:\/\/encuentroinformativo.com.mx\/index.php?rest_route=\/wp\/v2\/types\/post"}],"author":[{"embeddable":true,"href":"https:\/\/encuentroinformativo.com.mx\/index.php?rest_route=\/wp\/v2\/users\/1"}],"replies":[{"embeddable":true,"href":"https:\/\/encuentroinformativo.com.mx\/index.php?rest_route=%2Fwp%2Fv2%2Fcomments&post=16503"}],"version-history":[{"count":1,"href":"https:\/\/encuentroinformativo.com.mx\/index.php?rest_route=\/wp\/v2\/posts\/16503\/revisions"}],"predecessor-version":[{"id":16505,"href":"https:\/\/encuentroinformativo.com.mx\/index.php?rest_route=\/wp\/v2\/posts\/16503\/revisions\/16505"}],"wp:featuredmedia":[{"embeddable":true,"href":"https:\/\/encuentroinformativo.com.mx\/index.php?rest_route=\/wp\/v2\/media\/16504"}],"wp:attachment":[{"href":"https:\/\/encuentroinformativo.com.mx\/index.php?rest_route=%2Fwp%2Fv2%2Fmedia&parent=16503"}],"wp:term":[{"taxonomy":"category","embeddable":true,"href":"https:\/\/encuentroinformativo.com.mx\/index.php?rest_route=%2Fwp%2Fv2%2Fcategories&post=16503"},{"taxonomy":"post_tag","embeddable":true,"href":"https:\/\/encuentroinformativo.com.mx\/index.php?rest_route=%2Fwp%2Fv2%2Ftags&post=16503"}],"curies":[{"name":"wp","href":"https:\/\/api.w.org\/{rel}","templated":true}]}}