{"id":16508,"date":"2021-07-16T09:38:17","date_gmt":"2021-07-16T14:38:17","guid":{"rendered":"https:\/\/encuentroinformativo.com.mx\/?p=16508"},"modified":"2021-07-16T09:38:21","modified_gmt":"2021-07-16T14:38:21","slug":"xalapa-debe-ser-ejemplo-de-seguridad","status":"publish","type":"post","link":"https:\/\/encuentroinformativo.com.mx\/?p=16508","title":{"rendered":"XALAPA DEBE SER EJEMPLO DE SEGURIDAD"},"content":{"rendered":"\n<p><strong>@pablojair<\/strong><\/p>\n\n\n\n<ul class=\"wp-block-list\"><li>Cuitl\u00e1huac a favor del reinicio de clases presenciales en agosto.<\/li><li>M\u00e1s de 600 casos de Covid registrados en las \u00faltimas horas.<\/li><li>Reconocimiento al secre Zenyazen y a la SEV.<\/li><\/ul>\n\n\n\n<p>Que la nueva cantina se llama &#8220;San Jos\u00e9&#8221;,<br>atendida personalmente por Licha Villarreal.<br>&#8211;Chopenjawer parroquiano<\/p>\n\n\n\n<p>Este mi\u00e9rcoles en Xalapa se suscit\u00f3 una balacera donde no pudieron ser detenidos los responsables. Los hechos ocurrieron en la colonia Pedregal de las \u00c1nimas, una zona residencial en las periferias de la mancha urbana de Xalapa.<\/p>\n\n\n\n<p>Lo incre\u00edble del asunto es que no s\u00f3lo se escucharon las detonaciones, sino que hubo versiones de que se trat\u00f3 de asaltantes que despojaron a un cuentahabiente de cierta cantidad (no especificada).<\/p>\n\n\n\n<p>Los malandros se fugaron como si nada, a bordo de una motocicleta. Ni la Polic\u00eda Municipal ni la Estatal lograron capturarlos. Afortunadamente no hubo vidas qu\u00e9 lamentar.<\/p>\n\n\n\n<p>As\u00ed con toda facilidad, un par de facinerosos lograron escapar y es seguro que vuelvan a cometer alguna fechor\u00eda.<\/p>\n\n\n\n<p>El asunto es que siendo la capital de Veracruz, este tipo de delincuencia debe cortarse de tajo para que no crezca como la mala hierba.<\/p>\n\n\n\n<p>Xalapa, en ese sentido, deber\u00eda haber dado el ejemplo claro de que no se permitir\u00e1n m\u00e1s casos como este y haber hecho un operativo ejemplar para la detenci\u00f3n de los delincuentes.<\/p>\n\n\n\n<p>Un estudio realizado por un experto en seguridad para Xalapa &#8211;en manos de este autor&#8211; detalla importantes datos que deber\u00edan tomarse en cuenta, partiendo de que las problem\u00e1ticas de inseguridad no pueden abordarse s\u00f3lo desde la pol\u00edtica municipal, ya que necesitan del esfuerzo y la responsabilidad de las administraciones en conjunto de los tres \u00f3rganos de Gobierno.<\/p>\n\n\n\n<p>Habla tambi\u00e9n de la presencia de 27 pandillas que, al menos hace 10 a\u00f1os, operaban la capital veracruzana, pero que al 2012 se hab\u00edan detectado hasta 100. Menciona tambi\u00e9n las colonias donde se ve m\u00e1s esta problem\u00e1tica, y donde adem\u00e1s se suman factores como la drogadicci\u00f3n y el alcoholismo.<\/p>\n\n\n\n<p>Sobre los delitos m\u00e1s caracter\u00edsticos, se menciona el robo a casa habitaci\u00f3n, el robo a transe\u00fante, robo a tiendas de conveniencia, y los de alto impacto como el homicidio y secuestro &#8220;en donde los j\u00f3venes juveniles est\u00e1n al punto de dar el otro paso hacia la delincuencia organizada, que ve en ellos j\u00f3venes sin futuro, provenientes de familias disfuncionales, habidos de obtener a corto plazo &#8216;fama y poder&#8217;, siendo presa f\u00e1cil de los delincuentes m\u00e1s peligrosos&#8221;.<\/p>\n\n\n\n<p>El texto ubica a once colonias como las m\u00e1s peligrosas donde los robos, secuestros, balaceras, ri\u00f1as de pandillas, son algunos de los hechos que mantienen a las familias xalape\u00f1as en la zozobra; en algunos casos &#8220;los negocios est\u00e1n envueltos entre los cobros de piso y el pago de impuestos a un Gobierno que no les brinda la m\u00e1s m\u00ednima seguridad, de ah\u00ed el reclamo social&#8221;.<\/p>\n\n\n\n<p>Lo comentaba en una pasada entrega: Xalapa debe ser el ejemplo y cabeza de una seguridad metropolitana integral, donde los municipios de la periferia puedan operar como una sola zona coordinada, con elementos de experiencia que pueden ayudar mucho a los nuevos reclutas.<\/p>\n\n\n\n<p>Y es que definitivamente no puede cargarlo todo la Secretar\u00eda de Seguridad P\u00fablica del Gobierno de Veracruz, que tiene sus propias broncas con &#8220;suicidados&#8221; en sus cuarteles y focos rojos de seguridad en el sur de Veracruz, donde de plano no le hallan soluci\u00f3n al tema.<\/p>\n\n\n\n<p><strong>NOTA PARA PEGAR EN EL REFRI:<\/strong> \u201cNo se puede omitir estar en clases presenciales y ya llevamos mucho tiempo, llevamos m\u00e1s de un a\u00f1o (\u2026) Tenemos que ya plantearnos c\u00f3mo regresar a clases, no como ciclo normal de a\u00f1os anteriores a la pandemia, tenemos que reiniciar tomando en cuenta que hay una pandemia y un Plan Nacional de Vacunaci\u00f3n en marcha\u201d, afirm\u00f3 el gobernador Cuitl\u00e1huac Garc\u00eda Jim\u00e9nez al expresar estar de acuerdo con el regreso a clases presenciales en agosto, porque \u201cno se puede prescindir en la formaci\u00f3n de la ni\u00f1ez de la interacci\u00f3n entre docente, alumnado y el propio entorno del ni\u00f1o o la ni\u00f1a en su sal\u00f3n; es una cuesti\u00f3n pedag\u00f3gica que en las estrategias de ense\u00f1anza-aprendizaje se tiene que ense\u00f1ar\u201d\u2026 Subray\u00f3: \u201c\u00bfC\u00f3mo pretendemos formar a alguien aislado frente a un monitor? \u00bfY toda la riqueza que se tiene en la interacci\u00f3n la dejas de lado, la pierdes? \u00bfQu\u00e9 tipo de ni\u00f1o o ni\u00f1a vas a formar?\u201d\u2026 En este sentido, coment\u00f3 que no existe justificaci\u00f3n de falta de internet para no dar clases presenciales: \u201cLos maestros y maestras debemos ser l\u00edderes para adaptarnos a las mejores circunstancias\u201d, enfatiz\u00f3.<\/p>\n\n\n\n<p><strong>OTRA NOTA: <\/strong>De acuerdo al \u00faltimo reporte oficial de la Secretar\u00eda de Salud estatal sobre la situaci\u00f3n del Covid-19, ya se tienen contabilizados 70 mil 449 casos positivos acumulados, y en las \u00faltimas 24 horas se han reportado 603 nuevos, 165 m\u00e1s que el \u00faltimo reporte. Los fallecimientos son 10 mil 292, report\u00e1ndose 15 nuevos, en tanto, se contabilizan 81 mil 355 resultados negativos y 11 mil 460 sospechosos acumulados\u2026 Es curioso, pero estando Xalapa en sem\u00e1foro rojo, ayer Plaza Am\u00e9ricas luc\u00eda como un d\u00eda normal pese al preocupante incremento de los niveles de contagio\u2026 Por lo pronto, se anunci\u00f3 este jueves por la noche la log\u00edstica de la primera inyecci\u00f3n al sector 30-39 a\u00f1os: del 19 al 21 de julio, Coatzacoalcos y Tierra Blanca; del 19 al 23 de julio, Poza Rica (sede), Coatzintla y Tihuatl\u00e1n; en las mismas fechas: Xalapa y Veracruz. Para el 21 y 22 de julio, Mart\u00ednez de la Torre.<\/p>\n\n\n\n<p><strong>LA \u00daLTIMA PORQUE YA ES VIEEEEEEERNES CON AGUA DE VIDA: <\/strong>Integrantes de la Comisi\u00f3n de Ciencia, Tecnolog\u00eda e Innovaci\u00f3n de la C\u00e1mara de Diputados, reconocieron el liderazgo y compromiso del titular de la Secretar\u00eda de Educaci\u00f3n de Veracruz (SEV), Zenyazen Escobar Garc\u00eda por demostrar ser un funcionario \u201ctodo terreno\u201d con calidad humana y acad\u00e9mica. Tras realizar la entrega oficial del reconocimiento por su contribuci\u00f3n e impulso de la plataforma digital MiSEV, como herramienta de trabajo a distancia durante este segundo ciclo escolar afectado por la pandemia del COVID 19, la diputada Federal, presidenta de la Comisi\u00f3n de Ciencia, Tecnolog\u00eda e Innovaci\u00f3n de la LXIV Legislatura, Mar\u00eda Marivel Sol\u00eds Barrera, celebr\u00f3 el trabajo que desde el Gobierno de Cuitl\u00e1huac Garc\u00eda Jim\u00e9nez se realiza a trav\u00e9s de la SEV\u2026 Tambi\u00e9n ah\u00ed mismo recibieron reconocimiento por parte de la diputada federal y alcaldesa electa de Minatitl\u00e1n, Carmen Medel Palma, secretaria de la Comisi\u00f3n de Salud en el Congreso, quien reiter\u00f3 su felicitaci\u00f3n al gobierno que encabeza, Cuitl\u00e1huac Garc\u00eda Jim\u00e9nez, por impulsar y apoyar acciones a favor de la educaci\u00f3n y extendi\u00f3 su reconocimiento a Escobar Garc\u00eda, a quien llam\u00f3 un \u201cfuncionario de territorios y no de escritorio\u201d.<\/p>\n","protected":false},"excerpt":{"rendered":"<p>@pablojair Cuitl\u00e1huac a favor del reinicio de clases presenciales en agosto. M\u00e1s de 600 casos de Covid registrados en las \u00faltimas horas. Reconocimiento al secre Zenyazen y a la SEV. Que la nueva cantina se llama &#8220;San Jos\u00e9&#8221;,atendida personalmente por Licha Villarreal.&#8211;Chopenjawer parroquiano Este mi\u00e9rcoles en Xalapa se suscit\u00f3 una balacera donde no pudieron ser [&hellip;]<\/p>\n","protected":false},"author":1,"featured_media":488,"comment_status":"open","ping_status":"open","sticky":false,"template":"","format":"standard","meta":{"_jetpack_memberships_contains_paid_content":false,"footnotes":""},"categories":[11],"tags":[],"class_list":["post-16508","post","type-post","status-publish","format-standard","has-post-thumbnail","hentry","category-opinion"],"jetpack_featured_media_url":"https:\/\/encuentroinformativo.com.mx\/wp-content\/uploads\/2020\/03\/F471F608-BA1A-416B-BA7B-BCFB24F4E6D0.jpeg","jetpack_sharing_enabled":true,"jetpack_likes_enabled":true,"amp_enabled":true,"_links":{"self":[{"href":"https:\/\/encuentroinformativo.com.mx\/index.php?rest_route=\/wp\/v2\/posts\/16508","targetHints":{"allow":["GET"]}}],"collection":[{"href":"https:\/\/encuentroinformativo.com.mx\/index.php?rest_route=\/wp\/v2\/posts"}],"about":[{"href":"https:\/\/encuentroinformativo.com.mx\/index.php?rest_route=\/wp\/v2\/types\/post"}],"author":[{"embeddable":true,"href":"https:\/\/encuentroinformativo.com.mx\/index.php?rest_route=\/wp\/v2\/users\/1"}],"replies":[{"embeddable":true,"href":"https:\/\/encuentroinformativo.com.mx\/index.php?rest_route=%2Fwp%2Fv2%2Fcomments&post=16508"}],"version-history":[{"count":1,"href":"https:\/\/encuentroinformativo.com.mx\/index.php?rest_route=\/wp\/v2\/posts\/16508\/revisions"}],"predecessor-version":[{"id":16509,"href":"https:\/\/encuentroinformativo.com.mx\/index.php?rest_route=\/wp\/v2\/posts\/16508\/revisions\/16509"}],"wp:featuredmedia":[{"embeddable":true,"href":"https:\/\/encuentroinformativo.com.mx\/index.php?rest_route=\/wp\/v2\/media\/488"}],"wp:attachment":[{"href":"https:\/\/encuentroinformativo.com.mx\/index.php?rest_route=%2Fwp%2Fv2%2Fmedia&parent=16508"}],"wp:term":[{"taxonomy":"category","embeddable":true,"href":"https:\/\/encuentroinformativo.com.mx\/index.php?rest_route=%2Fwp%2Fv2%2Fcategories&post=16508"},{"taxonomy":"post_tag","embeddable":true,"href":"https:\/\/encuentroinformativo.com.mx\/index.php?rest_route=%2Fwp%2Fv2%2Ftags&post=16508"}],"curies":[{"name":"wp","href":"https:\/\/api.w.org\/{rel}","templated":true}]}}