{"id":1651,"date":"2020-04-06T14:15:13","date_gmt":"2020-04-06T19:15:13","guid":{"rendered":"https:\/\/encuentroinformativo.com\/?p=1651"},"modified":"2020-04-06T14:15:15","modified_gmt":"2020-04-06T19:15:15","slug":"90-de-adultos-ya-recibio-apoyo-federal-delegado","status":"publish","type":"post","link":"https:\/\/encuentroinformativo.com.mx\/?p=1651","title":{"rendered":"90% de adultos ya recibi\u00f3 apoyo federal: Delegado"},"content":{"rendered":"\n<p><strong>Dar\u00edo Pale <\/strong><\/p>\n\n\n\n<p>Xalapa, Ver.- El delegado federal de los programas sociales Manuel Huerta Ladr\u00f3n de Guevara dio a conocer que de los 500 mil millones de pesos que destinar\u00e1 el gobierno federal a programas sociales para solventar la crisis que se vive, Veracruz captar\u00e1 50 mil millones que apoyar\u00e1n a la poblaci\u00f3n.<\/p>\n\n\n\n<p>En conferencia de prensa realizada en conocido caf\u00e9 del centro de Xalapa, se\u00f1al\u00f3 que el recurso mencionado ser\u00e1 destinado a la poblaci\u00f3n que lo necesite mediante los programas sociales pero que tambi\u00e9n se destinar\u00e1 a proyectos productivos, por lo que 25 mil millones de pesos se estar\u00edan entregando en los pr\u00f3ximos meses.<\/p>\n\n\n\n<p>Se\u00f1al\u00f3 que ya hay recurso que se ha estado entregando a la poblaci\u00f3n y que consiste en adelanto de pagos a programas de adultos mayores y personas con discapacidad as\u00ed como al programa \u201cEscuela nuestra\u201d.<\/p>\n\n\n\n<p>\u201cEsos recursos suman m\u00e1s de cuatro mil millones de pesos, pero adem\u00e1s hay otros que se inscriben en los programas de desarrollo productivo que tambi\u00e9n incluyen a Veracruz con el tren trans\u00edsmico y las refinar\u00edas\u201d, dijo.<\/p>\n\n\n\n<p>Refiri\u00f3 que es buena noticia saber que todo esto se lleva a cabo sin subir impuestos ni pedir prestado al extranjero adem\u00e1s de que las reservas se mantienen para atender s\u00f3lida la econom\u00eda con la participaci\u00f3n de la poblaci\u00f3n que debe mantenerse en casa.<\/p>\n\n\n\n<p>El delegado federal afirm\u00f3 que los recursos de los programas mencionados son de programas federales y que los gobiernos del estado y municipal deben generar sus propios programas de apoyo a la poblaci\u00f3n con la finalidad de apoyar a la poblaci\u00f3n en este momento de crisis.<\/p>\n\n\n\n<p>En otro orden de ideas dio a conocer que el 90 por ciento de los 680 mil adultos mayores que reciben apoyos del Gobierno federal ya cobraron el adelanto del bimestre de abril-mayo en el estado, donde la inversi\u00f3n ser\u00e1 de 4 mil millones de pesos.<\/p>\n\n\n\n<p>Cuestionado sobre la posibilidad de que se sume a la campa\u00f1a para que los pol\u00edticos y funcionarios donen su sueldo para atender la emergencia por coronavirus COVID-19, dijo que no lo har\u00e1 porque ya le recortaron su aguinaldo.<\/p>\n\n\n\n<p><\/p>\n\n\n\n<p><\/p>\n","protected":false},"excerpt":{"rendered":"<p>Dar\u00edo Pale Xalapa, Ver.- El delegado federal de los programas sociales Manuel Huerta Ladr\u00f3n de Guevara dio a conocer que de los 500 mil millones de pesos que destinar\u00e1 el gobierno federal a programas sociales para solventar la crisis que se vive, Veracruz captar\u00e1 50 mil millones que apoyar\u00e1n a la poblaci\u00f3n. En conferencia de [&hellip;]<\/p>\n","protected":false},"author":1,"featured_media":1652,"comment_status":"open","ping_status":"open","sticky":false,"template":"","format":"standard","meta":{"_jetpack_memberships_contains_paid_content":false,"footnotes":""},"categories":[2],"tags":[],"class_list":["post-1651","post","type-post","status-publish","format-standard","has-post-thumbnail","hentry","category-estado"],"jetpack_featured_media_url":"https:\/\/encuentroinformativo.com.mx\/wp-content\/uploads\/2020\/04\/CBBA2EDC-52AB-4E1A-AEEC-0BB2FD290D26.jpeg","jetpack_sharing_enabled":true,"jetpack_likes_enabled":true,"amp_enabled":true,"_links":{"self":[{"href":"https:\/\/encuentroinformativo.com.mx\/index.php?rest_route=\/wp\/v2\/posts\/1651","targetHints":{"allow":["GET"]}}],"collection":[{"href":"https:\/\/encuentroinformativo.com.mx\/index.php?rest_route=\/wp\/v2\/posts"}],"about":[{"href":"https:\/\/encuentroinformativo.com.mx\/index.php?rest_route=\/wp\/v2\/types\/post"}],"author":[{"embeddable":true,"href":"https:\/\/encuentroinformativo.com.mx\/index.php?rest_route=\/wp\/v2\/users\/1"}],"replies":[{"embeddable":true,"href":"https:\/\/encuentroinformativo.com.mx\/index.php?rest_route=%2Fwp%2Fv2%2Fcomments&post=1651"}],"version-history":[{"count":1,"href":"https:\/\/encuentroinformativo.com.mx\/index.php?rest_route=\/wp\/v2\/posts\/1651\/revisions"}],"predecessor-version":[{"id":1653,"href":"https:\/\/encuentroinformativo.com.mx\/index.php?rest_route=\/wp\/v2\/posts\/1651\/revisions\/1653"}],"wp:featuredmedia":[{"embeddable":true,"href":"https:\/\/encuentroinformativo.com.mx\/index.php?rest_route=\/wp\/v2\/media\/1652"}],"wp:attachment":[{"href":"https:\/\/encuentroinformativo.com.mx\/index.php?rest_route=%2Fwp%2Fv2%2Fmedia&parent=1651"}],"wp:term":[{"taxonomy":"category","embeddable":true,"href":"https:\/\/encuentroinformativo.com.mx\/index.php?rest_route=%2Fwp%2Fv2%2Fcategories&post=1651"},{"taxonomy":"post_tag","embeddable":true,"href":"https:\/\/encuentroinformativo.com.mx\/index.php?rest_route=%2Fwp%2Fv2%2Ftags&post=1651"}],"curies":[{"name":"wp","href":"https:\/\/api.w.org\/{rel}","templated":true}]}}