{"id":16516,"date":"2021-07-16T12:56:10","date_gmt":"2021-07-16T17:56:10","guid":{"rendered":"https:\/\/encuentroinformativo.com.mx\/?p=16516"},"modified":"2021-07-16T12:56:14","modified_gmt":"2021-07-16T17:56:14","slug":"pensionados-mantienen-rechazo-a-las-umas","status":"publish","type":"post","link":"https:\/\/encuentroinformativo.com.mx\/?p=16516","title":{"rendered":"Pensionados mantienen rechazo a las UMAS"},"content":{"rendered":"\n<p><strong>Dar\u00edo Pale<\/strong><\/p>\n\n\n\n<p>Xalapa, Ver.- Jos\u00e9 Luis \u00c1vila Hern\u00e1ndez, secretario general de la Coalici\u00f3n Nacional de Jubilados y Pensionados &#8220;<em>Profr. Elpidio Dom\u00ednguez Castro&#8221;<\/em>, que laboraron en el ISSSTE, protestaron en las escalinatas de la catedral para exigir que se elimine la Unidad de Medida y Actualizaci\u00f3n (UMA), como referencia para el pago de pensiones.<\/p>\n\n\n\n<p>En conferencia de prensa realizada en conocido caf\u00e9 previo a manifestarse en las escalinatas de la Catedral Metropolitana afirmaron que la Coalici\u00f3n de Pensionistas del IPE (Copipev) ya est\u00e1n tomando provisiones porque presuntamente les podr\u00edan aplicar dicha medida.<\/p>\n\n\n\n<p>Dio a conocer que con dicha medida les quitan poco m\u00e1s de 52 pesos por cada salario m\u00ednimo de pensi\u00f3n, lo cual calific\u00f3 de un &#8220;atraco&#8221;, por lo que dicha inconformidad es a nivel nacional, incluso se han sumado organizaciones sindicales como la Coordinadora Nacional de Trabajadores de la Educaci\u00f3n (CNTE), que siguen al Presidente por todo el Pa\u00eds, incluso le bloquean las salidas.<\/p>\n\n\n\n<p>Opin\u00f3 que si bien el Mandatario no cre\u00f3 las UMAS, el ISSSTE las aplic\u00f3 para las pensiones perjudicando a 1.5 millones de jubilados de todo el Pa\u00eds, tan solo en Veracruz son alrededor de 55 mil jubilados y Pensionados del gobierno Federal, pero advirti\u00f3 que la medida se podr\u00eda aplicar a los jubilados de la Copipev.<\/p>\n\n\n\n<p>&#8220;Ya est\u00e1n tomando provisiones porque no se dan cuenta que los que est\u00e1n jubilados van a pasar la misma situaci\u00f3n y es ca\u00f3tica y es agresiva contra los trabajadores que han servido al gobierno y al pueblo&#8221;, se\u00f1al\u00f3.<\/p>\n\n\n\n<p>\u00c1vila Hern\u00e1ndez puntualiz\u00f3 que la UMA tiene un valor de 89.62 centavos en 2021, mientas que el salario m\u00ednimo es de 141.70, la diferencia es de 52.08 pesos son diarios que les quitan.<\/p>\n\n\n\n<p>El l\u00edder de los pensionados consider\u00f3 que tanto el Ejecutivo estatal como federal deben atender esta situaci\u00f3n o se podr\u00eda desatar un descontento mayor.<\/p>\n","protected":false},"excerpt":{"rendered":"<p>Dar\u00edo Pale Xalapa, Ver.- Jos\u00e9 Luis \u00c1vila Hern\u00e1ndez, secretario general de la Coalici\u00f3n Nacional de Jubilados y Pensionados &#8220;Profr. Elpidio Dom\u00ednguez Castro&#8221;, que laboraron en el ISSSTE, protestaron en las escalinatas de la catedral para exigir que se elimine la Unidad de Medida y Actualizaci\u00f3n (UMA), como referencia para el pago de pensiones. En conferencia [&hellip;]<\/p>\n","protected":false},"author":1,"featured_media":16517,"comment_status":"open","ping_status":"open","sticky":false,"template":"","format":"standard","meta":{"_jetpack_memberships_contains_paid_content":false,"footnotes":""},"categories":[3],"tags":[],"class_list":["post-16516","post","type-post","status-publish","format-standard","has-post-thumbnail","hentry","category-xalapa"],"jetpack_featured_media_url":"https:\/\/encuentroinformativo.com.mx\/wp-content\/uploads\/2021\/07\/33E4D0B0-C9A5-48D1-B1D0-931F28C94254.jpeg","jetpack_sharing_enabled":true,"jetpack_likes_enabled":true,"amp_enabled":true,"_links":{"self":[{"href":"https:\/\/encuentroinformativo.com.mx\/index.php?rest_route=\/wp\/v2\/posts\/16516","targetHints":{"allow":["GET"]}}],"collection":[{"href":"https:\/\/encuentroinformativo.com.mx\/index.php?rest_route=\/wp\/v2\/posts"}],"about":[{"href":"https:\/\/encuentroinformativo.com.mx\/index.php?rest_route=\/wp\/v2\/types\/post"}],"author":[{"embeddable":true,"href":"https:\/\/encuentroinformativo.com.mx\/index.php?rest_route=\/wp\/v2\/users\/1"}],"replies":[{"embeddable":true,"href":"https:\/\/encuentroinformativo.com.mx\/index.php?rest_route=%2Fwp%2Fv2%2Fcomments&post=16516"}],"version-history":[{"count":1,"href":"https:\/\/encuentroinformativo.com.mx\/index.php?rest_route=\/wp\/v2\/posts\/16516\/revisions"}],"predecessor-version":[{"id":16518,"href":"https:\/\/encuentroinformativo.com.mx\/index.php?rest_route=\/wp\/v2\/posts\/16516\/revisions\/16518"}],"wp:featuredmedia":[{"embeddable":true,"href":"https:\/\/encuentroinformativo.com.mx\/index.php?rest_route=\/wp\/v2\/media\/16517"}],"wp:attachment":[{"href":"https:\/\/encuentroinformativo.com.mx\/index.php?rest_route=%2Fwp%2Fv2%2Fmedia&parent=16516"}],"wp:term":[{"taxonomy":"category","embeddable":true,"href":"https:\/\/encuentroinformativo.com.mx\/index.php?rest_route=%2Fwp%2Fv2%2Fcategories&post=16516"},{"taxonomy":"post_tag","embeddable":true,"href":"https:\/\/encuentroinformativo.com.mx\/index.php?rest_route=%2Fwp%2Fv2%2Ftags&post=16516"}],"curies":[{"name":"wp","href":"https:\/\/api.w.org\/{rel}","templated":true}]}}