{"id":16522,"date":"2021-07-16T13:53:11","date_gmt":"2021-07-16T18:53:11","guid":{"rendered":"https:\/\/encuentroinformativo.com.mx\/?p=16522"},"modified":"2021-07-16T13:53:16","modified_gmt":"2021-07-16T18:53:16","slug":"poblacion-debe-vacunarse-exhorta-gobernador","status":"publish","type":"post","link":"https:\/\/encuentroinformativo.com.mx\/?p=16522","title":{"rendered":"Poblaci\u00f3n debe vacunarse, exhorta gobernador"},"content":{"rendered":"\n<p><strong>Dar\u00edo Pale<\/strong><\/p>\n\n\n\n<p>Xalapa, Ver.- Ante la inminente llegada de las variantes del Covid-19, especialista analizaron c\u00f3mo han respondido las cuatro diferentes vacunas que se han aplicado en Veracruz, as\u00ed lo se\u00f1al\u00f3 el gobernador del estado Cuitl\u00e1huac Garc\u00eda Jim\u00e9nez.<\/p>\n\n\n\n<p>Entrevistado en conocido caf\u00e9 de la calle de Zaragoza se\u00f1al\u00f3 que pasa a &#8220;un segundo plano&#8221; qu\u00e9 tipo de vacuna se aplique, la idea es que se active el sistema inmunol\u00f3gico, por ello, reiter\u00f3 la invitaci\u00f3n a la gente a que acuda a vacunarse para evitar contagiarse.<\/p>\n\n\n\n<p>&#8220;Se hizo una reuni\u00f3n muy t\u00e9cnica entre los especialistas para analizar la llegada de las variantes&#8221;, coment\u00f3.<\/p>\n\n\n\n<p>&#8220;Se vio en una tabla c\u00f3mo las cuatro vacunas que se han aplicado (Pfizer, AstraZeneca, CanSino y Sinovac) han tenido&#8230; todas, todas, as\u00ed que pasa a un segundo plano qu\u00e9 vacuna (se aplique)&#8221;, se\u00f1al\u00f3.<\/p>\n\n\n\n<p>En cuanto a las afectaciones por las lluvias dio a conocer que han estado atendiendo todos los incidentes como el que se present\u00f3 en Uxpanapa donde hubo un deslave, afortunadamente hasta el momento no se han presentado afectaciones graves.<\/p>\n\n\n\n<p>Finalmente se\u00f1al\u00f3 que en el resto del estado solo fueron peque\u00f1os incidentes los que se presentaron por las lluvias pero ya quedaron resueltos.<\/p>\n","protected":false},"excerpt":{"rendered":"<p>Dar\u00edo Pale Xalapa, Ver.- Ante la inminente llegada de las variantes del Covid-19, especialista analizaron c\u00f3mo han respondido las cuatro diferentes vacunas que se han aplicado en Veracruz, as\u00ed lo se\u00f1al\u00f3 el gobernador del estado Cuitl\u00e1huac Garc\u00eda Jim\u00e9nez. Entrevistado en conocido caf\u00e9 de la calle de Zaragoza se\u00f1al\u00f3 que pasa a &#8220;un segundo plano&#8221; qu\u00e9 [&hellip;]<\/p>\n","protected":false},"author":1,"featured_media":16523,"comment_status":"open","ping_status":"open","sticky":false,"template":"","format":"standard","meta":{"_jetpack_memberships_contains_paid_content":false,"footnotes":""},"categories":[9],"tags":[],"class_list":["post-16522","post","type-post","status-publish","format-standard","has-post-thumbnail","hentry","category-salud"],"jetpack_featured_media_url":"https:\/\/encuentroinformativo.com.mx\/wp-content\/uploads\/2021\/07\/08F420C2-B469-4F0C-B691-105C9B4AB6FE.jpeg","jetpack_sharing_enabled":true,"jetpack_likes_enabled":true,"amp_enabled":true,"_links":{"self":[{"href":"https:\/\/encuentroinformativo.com.mx\/index.php?rest_route=\/wp\/v2\/posts\/16522","targetHints":{"allow":["GET"]}}],"collection":[{"href":"https:\/\/encuentroinformativo.com.mx\/index.php?rest_route=\/wp\/v2\/posts"}],"about":[{"href":"https:\/\/encuentroinformativo.com.mx\/index.php?rest_route=\/wp\/v2\/types\/post"}],"author":[{"embeddable":true,"href":"https:\/\/encuentroinformativo.com.mx\/index.php?rest_route=\/wp\/v2\/users\/1"}],"replies":[{"embeddable":true,"href":"https:\/\/encuentroinformativo.com.mx\/index.php?rest_route=%2Fwp%2Fv2%2Fcomments&post=16522"}],"version-history":[{"count":1,"href":"https:\/\/encuentroinformativo.com.mx\/index.php?rest_route=\/wp\/v2\/posts\/16522\/revisions"}],"predecessor-version":[{"id":16524,"href":"https:\/\/encuentroinformativo.com.mx\/index.php?rest_route=\/wp\/v2\/posts\/16522\/revisions\/16524"}],"wp:featuredmedia":[{"embeddable":true,"href":"https:\/\/encuentroinformativo.com.mx\/index.php?rest_route=\/wp\/v2\/media\/16523"}],"wp:attachment":[{"href":"https:\/\/encuentroinformativo.com.mx\/index.php?rest_route=%2Fwp%2Fv2%2Fmedia&parent=16522"}],"wp:term":[{"taxonomy":"category","embeddable":true,"href":"https:\/\/encuentroinformativo.com.mx\/index.php?rest_route=%2Fwp%2Fv2%2Fcategories&post=16522"},{"taxonomy":"post_tag","embeddable":true,"href":"https:\/\/encuentroinformativo.com.mx\/index.php?rest_route=%2Fwp%2Fv2%2Ftags&post=16522"}],"curies":[{"name":"wp","href":"https:\/\/api.w.org\/{rel}","templated":true}]}}