{"id":16528,"date":"2021-07-16T15:04:52","date_gmt":"2021-07-16T20:04:52","guid":{"rendered":"https:\/\/encuentroinformativo.com.mx\/?p=16528"},"modified":"2021-07-16T15:04:56","modified_gmt":"2021-07-16T20:04:56","slug":"en-lluvias-se-desborda-laguna-lagartos-vecinos","status":"publish","type":"post","link":"https:\/\/encuentroinformativo.com.mx\/?p=16528","title":{"rendered":"En lluvias se desborda Laguna Lagartos: Vecinos"},"content":{"rendered":"\n<p><strong>Alejandro \u00c1vila<\/strong><\/p>\n\n\n\n<p>Veracruz, Ver. \u2013 Durante la \u00e9poca de lluvias es com\u00fan que los vecinos de la colonia Playa Linda sufran de calles inundadas a primera hora del d\u00eda, aunque aclaran que esto no tiene que ver con el desazolve de canales o calles, sino a que el encargado de las compuertas de la Laguna \u201cLagartos\u201d las mantiene cerradas y este cuerpo de agua se desborda constantemente.<\/p>\n\n\n\n<p>\u201cHoy en d\u00eda, una personita, que no s\u00e9 su nombre, la cierra por sus\u2026 porque nada m\u00e1s la cierra, pero en virtud de eso, ocasiona todo esto (inundaciones)\u201d, expres\u00f3 Gabriel Mu\u00f1oz Santos.<\/p>\n\n\n\n<p>Cabe recordar que la Laguna \u201cOlmeca\u201d y la Laguna \u201cLagartos\u201d pertenecen a la federaci\u00f3n; incluso, en septiembre del 2020, personal de la Direcci\u00f3n Nacional de Dragados de la Secretar\u00eda de Marina, acudi\u00f3 a la Laguna Lagartos, donde asegur\u00f3 que en marzo del 2021 comenzar\u00edan los trabajos de dragado del cuerpo de agua, situaci\u00f3n que nunca cumplieron.<\/p>\n\n\n\n<p>\u201cLa laguna para que se mantenga as\u00ed, deben de bajar varios recursos para ponerla como estaba antes. La laguna fue saneada en una \u00e9poca pasada por el Ayuntamiento y s\u00ed qued\u00f3 muy bonita, y se mantuvo as\u00ed, hasta que vino la sequ\u00eda de hace dos a\u00f1os y sec\u00f3 una secci\u00f3n y creci\u00f3 esta yerba de esta forma; la laguna se manten\u00eda de una secci\u00f3n para all\u00e1, con lirios y la mentada anea, y los animalitos que, por cierto, pusieron muchas mojarras y eso le daba vida a la laguna\u201d, destac\u00f3.<\/p>\n\n\n\n<p>Finalmente, el vecino coment\u00f3 que, durante las lluvias, constantemente el agua llega hasta la entrada de las viviendas, impide a los transe\u00fantes caminar, adem\u00e1s de que complica el paso de los veh\u00edculos, quienes a veces se quedan varados pues caen en baches ya que no los ven.<\/p>\n\n\n\n<figure class=\"wp-block-image size-large\"><img loading=\"lazy\" decoding=\"async\" width=\"1024\" height=\"576\" src=\"https:\/\/encuentroinformativo.com.mx\/wp-content\/uploads\/2021\/07\/F920C966-63F0-4236-BFB7-01E99EE627C2-1024x576.jpeg\" alt=\"\" class=\"wp-image-16530\" srcset=\"https:\/\/encuentroinformativo.com.mx\/wp-content\/uploads\/2021\/07\/F920C966-63F0-4236-BFB7-01E99EE627C2-1024x576.jpeg 1024w, https:\/\/encuentroinformativo.com.mx\/wp-content\/uploads\/2021\/07\/F920C966-63F0-4236-BFB7-01E99EE627C2-300x169.jpeg 300w, https:\/\/encuentroinformativo.com.mx\/wp-content\/uploads\/2021\/07\/F920C966-63F0-4236-BFB7-01E99EE627C2-768x432.jpeg 768w, https:\/\/encuentroinformativo.com.mx\/wp-content\/uploads\/2021\/07\/F920C966-63F0-4236-BFB7-01E99EE627C2-1536x864.jpeg 1536w, https:\/\/encuentroinformativo.com.mx\/wp-content\/uploads\/2021\/07\/F920C966-63F0-4236-BFB7-01E99EE627C2.jpeg 1600w\" sizes=\"auto, (max-width: 1024px) 100vw, 1024px\" \/><\/figure>\n","protected":false},"excerpt":{"rendered":"<p>Alejandro \u00c1vila Veracruz, Ver. \u2013 Durante la \u00e9poca de lluvias es com\u00fan que los vecinos de la colonia Playa Linda sufran de calles inundadas a primera hora del d\u00eda, aunque aclaran que esto no tiene que ver con el desazolve de canales o calles, sino a que el encargado de las compuertas de la Laguna [&hellip;]<\/p>\n","protected":false},"author":1,"featured_media":16529,"comment_status":"open","ping_status":"open","sticky":false,"template":"","format":"standard","meta":{"_jetpack_memberships_contains_paid_content":false,"footnotes":""},"categories":[2],"tags":[],"class_list":["post-16528","post","type-post","status-publish","format-standard","has-post-thumbnail","hentry","category-estado"],"jetpack_featured_media_url":"https:\/\/encuentroinformativo.com.mx\/wp-content\/uploads\/2021\/07\/D0EBA6CB-0B56-4301-804C-5D130E71B667.jpeg","jetpack_sharing_enabled":true,"jetpack_likes_enabled":true,"amp_enabled":true,"_links":{"self":[{"href":"https:\/\/encuentroinformativo.com.mx\/index.php?rest_route=\/wp\/v2\/posts\/16528","targetHints":{"allow":["GET"]}}],"collection":[{"href":"https:\/\/encuentroinformativo.com.mx\/index.php?rest_route=\/wp\/v2\/posts"}],"about":[{"href":"https:\/\/encuentroinformativo.com.mx\/index.php?rest_route=\/wp\/v2\/types\/post"}],"author":[{"embeddable":true,"href":"https:\/\/encuentroinformativo.com.mx\/index.php?rest_route=\/wp\/v2\/users\/1"}],"replies":[{"embeddable":true,"href":"https:\/\/encuentroinformativo.com.mx\/index.php?rest_route=%2Fwp%2Fv2%2Fcomments&post=16528"}],"version-history":[{"count":1,"href":"https:\/\/encuentroinformativo.com.mx\/index.php?rest_route=\/wp\/v2\/posts\/16528\/revisions"}],"predecessor-version":[{"id":16531,"href":"https:\/\/encuentroinformativo.com.mx\/index.php?rest_route=\/wp\/v2\/posts\/16528\/revisions\/16531"}],"wp:featuredmedia":[{"embeddable":true,"href":"https:\/\/encuentroinformativo.com.mx\/index.php?rest_route=\/wp\/v2\/media\/16529"}],"wp:attachment":[{"href":"https:\/\/encuentroinformativo.com.mx\/index.php?rest_route=%2Fwp%2Fv2%2Fmedia&parent=16528"}],"wp:term":[{"taxonomy":"category","embeddable":true,"href":"https:\/\/encuentroinformativo.com.mx\/index.php?rest_route=%2Fwp%2Fv2%2Fcategories&post=16528"},{"taxonomy":"post_tag","embeddable":true,"href":"https:\/\/encuentroinformativo.com.mx\/index.php?rest_route=%2Fwp%2Fv2%2Ftags&post=16528"}],"curies":[{"name":"wp","href":"https:\/\/api.w.org\/{rel}","templated":true}]}}