{"id":1654,"date":"2020-04-06T16:27:56","date_gmt":"2020-04-06T21:27:56","guid":{"rendered":"https:\/\/encuentroinformativo.com\/?p=1654"},"modified":"2020-04-06T16:27:58","modified_gmt":"2020-04-06T21:27:58","slug":"incurrio-sedesol-en-1-de-subejercicio-segun-secretario","status":"publish","type":"post","link":"https:\/\/encuentroinformativo.com.mx\/?p=1654","title":{"rendered":"Incurri\u00f3 Sedesol en 1% de subejercicio, seg\u00fan secretario"},"content":{"rendered":"\n<p><strong>Dar\u00edo Pale <\/strong><\/p>\n\n\n\n<p>Xalapa, Ver.- El titular de la Secretar\u00eda de Desarrollo Social (Sedesol) en Veracruz Guillermo Fern\u00e1ndez S\u00e1nchez, dio a conocer que logr\u00f3 ejercer el 99 por ciento de los recursos proyectados para 2019 con lo cual evit\u00f3 caer en subejercicio.<\/p>\n\n\n\n<p>Entrevistado previo a su arribo a palacio de gobierno dio a conocer que solo el uno por ciento restante no pudo ser ejercido por situaciones ajenas a la dependencia a su cargo, como es el caso del fallecimiento de una persona que hab\u00eda obtenido una licitaci\u00f3n por lo cual no pudo concluir la obra que le hab\u00eda sido asignada, mientras que algunos otros contratistas enfrentaron problemas de diversos tipos, lo que les impidi\u00f3 concluir en tiempo y forma.<\/p>\n\n\n\n<p>&#8220;Con mucho orgullo decimos que hubo una falta de aplicaci\u00f3n del 1 por ciento y eso por falta de cumplimiento de algunos contratistas, nosotros tenemos la frente muy en alto porque no fue responsabilidad del gobierno y finalmente el 99 por ciento del presupuesto fue dirigido a la obra y se termin\u00f3&#8221;, se\u00f1al\u00f3.<\/p>\n\n\n\n<p>Tambi\u00e9n dio a conocer que dentro de la administraci\u00f3n estatal se encuentran sumamente satisfechos por la manera en la que se ejercieron los recursos, pues insisti\u00f3 en que los motivos que impidieron que algunos trabajos no pudieran realizarse estuvieron fuera de su alcance.<\/p>\n\n\n\n<p>Finalmente, destac\u00f3 que la obra p\u00fablica fue la prioridad para la SEDESOL \u00a0y afortunadamente pudieron cumplir de manera apropiada con las metas establecidas para el presente a\u00f1o.<\/p>\n\n\n\n<p><\/p>\n","protected":false},"excerpt":{"rendered":"<p>Dar\u00edo Pale Xalapa, Ver.- El titular de la Secretar\u00eda de Desarrollo Social (Sedesol) en Veracruz Guillermo Fern\u00e1ndez S\u00e1nchez, dio a conocer que logr\u00f3 ejercer el 99 por ciento de los recursos proyectados para 2019 con lo cual evit\u00f3 caer en subejercicio. Entrevistado previo a su arribo a palacio de gobierno dio a conocer que solo [&hellip;]<\/p>\n","protected":false},"author":1,"featured_media":1655,"comment_status":"open","ping_status":"open","sticky":false,"template":"","format":"standard","meta":{"_jetpack_memberships_contains_paid_content":false,"footnotes":""},"categories":[2],"tags":[],"class_list":["post-1654","post","type-post","status-publish","format-standard","has-post-thumbnail","hentry","category-estado"],"jetpack_featured_media_url":"https:\/\/encuentroinformativo.com.mx\/wp-content\/uploads\/2020\/04\/E9AA3A20-E8F0-4848-AE77-0F3150FBF5FB.jpeg","jetpack_sharing_enabled":true,"jetpack_likes_enabled":true,"amp_enabled":true,"_links":{"self":[{"href":"https:\/\/encuentroinformativo.com.mx\/index.php?rest_route=\/wp\/v2\/posts\/1654","targetHints":{"allow":["GET"]}}],"collection":[{"href":"https:\/\/encuentroinformativo.com.mx\/index.php?rest_route=\/wp\/v2\/posts"}],"about":[{"href":"https:\/\/encuentroinformativo.com.mx\/index.php?rest_route=\/wp\/v2\/types\/post"}],"author":[{"embeddable":true,"href":"https:\/\/encuentroinformativo.com.mx\/index.php?rest_route=\/wp\/v2\/users\/1"}],"replies":[{"embeddable":true,"href":"https:\/\/encuentroinformativo.com.mx\/index.php?rest_route=%2Fwp%2Fv2%2Fcomments&post=1654"}],"version-history":[{"count":1,"href":"https:\/\/encuentroinformativo.com.mx\/index.php?rest_route=\/wp\/v2\/posts\/1654\/revisions"}],"predecessor-version":[{"id":1656,"href":"https:\/\/encuentroinformativo.com.mx\/index.php?rest_route=\/wp\/v2\/posts\/1654\/revisions\/1656"}],"wp:featuredmedia":[{"embeddable":true,"href":"https:\/\/encuentroinformativo.com.mx\/index.php?rest_route=\/wp\/v2\/media\/1655"}],"wp:attachment":[{"href":"https:\/\/encuentroinformativo.com.mx\/index.php?rest_route=%2Fwp%2Fv2%2Fmedia&parent=1654"}],"wp:term":[{"taxonomy":"category","embeddable":true,"href":"https:\/\/encuentroinformativo.com.mx\/index.php?rest_route=%2Fwp%2Fv2%2Fcategories&post=1654"},{"taxonomy":"post_tag","embeddable":true,"href":"https:\/\/encuentroinformativo.com.mx\/index.php?rest_route=%2Fwp%2Fv2%2Ftags&post=1654"}],"curies":[{"name":"wp","href":"https:\/\/api.w.org\/{rel}","templated":true}]}}