{"id":16564,"date":"2021-07-18T17:40:50","date_gmt":"2021-07-18T22:40:50","guid":{"rendered":"https:\/\/encuentroinformativo.com.mx\/?p=16564"},"modified":"2021-07-18T17:40:54","modified_gmt":"2021-07-18T22:40:54","slug":"alarmante-crisis-sanitaria-en-xalapa-salud","status":"publish","type":"post","link":"https:\/\/encuentroinformativo.com.mx\/?p=16564","title":{"rendered":"Alarmante crisis sanitaria en Xalapa: Salud"},"content":{"rendered":"\n<p><strong>Juan Arcos <\/strong><\/p>\n\n\n\n<p>Xalapa, Ver.- Es \u201calarmante\u201d la crisis sanitaria en Xalapa por la ola de contagios de SARS-COV-2 (COVID-19) que se ha registrado en las \u00faltimas semanas.<\/p>\n\n\n\n<p>As\u00ed lo dio a conocer la Subdirectora de Salud del ayuntamiento, Flor Patricia del \u00c1ngel Aguilar, quien a\u00f1adi\u00f3 que hay personas vacunadas contra coronavirus que han contra\u00eddo la enfermedad por el descuido de las medidas sanitarias.<\/p>\n\n\n\n<p>\u201cLa situaci\u00f3n es alarmante en t\u00e9rminos de que haya contagios en exceso, en grupos que han bajado la guardia. Tenemos reportes de personas vacunadas en un contagio y un desarrollo de la enfermedad m\u00e1s leve, pero es complicado\u201d.<\/p>\n\n\n\n<p>Cabe recordar que el municipio de Xalapa retrocedi\u00f3 en el sem\u00e1foro epidemiol\u00f3gico del color naranja al rojo, de riesgo m\u00e1ximo de contagio, para el periodo del 19 de julio al 1\u00ba de agosto.<\/p>\n\n\n\n<p>En ese sentido, la funcionaria municipal exhort\u00f3 a la poblaci\u00f3n a reforzar las medidas sanitarias y as\u00ed evitar el colapso de los hospitales.<\/p>\n\n\n\n<p>\u201cEl exhorto a la poblaci\u00f3n es el uso del cubrebocas pero de manera adecuada, la sana distancia, los espacios donde el personal est\u00e9 laborando que est\u00e9n ventilados\u201d.<\/p>\n\n\n\n<p>\u00c1ngel Aguilar record\u00f3 que actualmente los hospitales de la capital del estado se encuentran al 60 por ciento de su capacidad.<\/p>\n\n\n\n<p>\u201cEstamos rebasando el 60 por ciento de ocupaci\u00f3n hospitalaria. El ayuntamiento emiti\u00f3 la gaceta donde se disminuyen los aforos al 25 por ciento donde pueden abrir y se cierran los bares cervecer\u00edas, se restringen horarios\u201d, remat\u00f3.<\/p>\n","protected":false},"excerpt":{"rendered":"<p>Juan Arcos Xalapa, Ver.- Es \u201calarmante\u201d la crisis sanitaria en Xalapa por la ola de contagios de SARS-COV-2 (COVID-19) que se ha registrado en las \u00faltimas semanas. As\u00ed lo dio a conocer la Subdirectora de Salud del ayuntamiento, Flor Patricia del \u00c1ngel Aguilar, quien a\u00f1adi\u00f3 que hay personas vacunadas contra coronavirus que han contra\u00eddo la [&hellip;]<\/p>\n","protected":false},"author":1,"featured_media":16565,"comment_status":"open","ping_status":"open","sticky":false,"template":"","format":"standard","meta":{"_jetpack_memberships_contains_paid_content":false,"footnotes":""},"categories":[9],"tags":[],"class_list":["post-16564","post","type-post","status-publish","format-standard","has-post-thumbnail","hentry","category-salud"],"jetpack_featured_media_url":"https:\/\/encuentroinformativo.com.mx\/wp-content\/uploads\/2021\/07\/DBB3FD0D-86E5-46B3-BB28-935A4C6A5E56.jpeg","jetpack_sharing_enabled":true,"jetpack_likes_enabled":true,"amp_enabled":true,"_links":{"self":[{"href":"https:\/\/encuentroinformativo.com.mx\/index.php?rest_route=\/wp\/v2\/posts\/16564","targetHints":{"allow":["GET"]}}],"collection":[{"href":"https:\/\/encuentroinformativo.com.mx\/index.php?rest_route=\/wp\/v2\/posts"}],"about":[{"href":"https:\/\/encuentroinformativo.com.mx\/index.php?rest_route=\/wp\/v2\/types\/post"}],"author":[{"embeddable":true,"href":"https:\/\/encuentroinformativo.com.mx\/index.php?rest_route=\/wp\/v2\/users\/1"}],"replies":[{"embeddable":true,"href":"https:\/\/encuentroinformativo.com.mx\/index.php?rest_route=%2Fwp%2Fv2%2Fcomments&post=16564"}],"version-history":[{"count":1,"href":"https:\/\/encuentroinformativo.com.mx\/index.php?rest_route=\/wp\/v2\/posts\/16564\/revisions"}],"predecessor-version":[{"id":16566,"href":"https:\/\/encuentroinformativo.com.mx\/index.php?rest_route=\/wp\/v2\/posts\/16564\/revisions\/16566"}],"wp:featuredmedia":[{"embeddable":true,"href":"https:\/\/encuentroinformativo.com.mx\/index.php?rest_route=\/wp\/v2\/media\/16565"}],"wp:attachment":[{"href":"https:\/\/encuentroinformativo.com.mx\/index.php?rest_route=%2Fwp%2Fv2%2Fmedia&parent=16564"}],"wp:term":[{"taxonomy":"category","embeddable":true,"href":"https:\/\/encuentroinformativo.com.mx\/index.php?rest_route=%2Fwp%2Fv2%2Fcategories&post=16564"},{"taxonomy":"post_tag","embeddable":true,"href":"https:\/\/encuentroinformativo.com.mx\/index.php?rest_route=%2Fwp%2Fv2%2Ftags&post=16564"}],"curies":[{"name":"wp","href":"https:\/\/api.w.org\/{rel}","templated":true}]}}