{"id":16571,"date":"2021-07-19T09:28:42","date_gmt":"2021-07-19T14:28:42","guid":{"rendered":"https:\/\/encuentroinformativo.com.mx\/?p=16571"},"modified":"2021-07-19T09:28:44","modified_gmt":"2021-07-19T14:28:44","slug":"la-esperanza-de-redes","status":"publish","type":"post","link":"https:\/\/encuentroinformativo.com.mx\/?p=16571","title":{"rendered":"La esperanza de Redes"},"content":{"rendered":"\n<p><strong>Los Pol\u00edticos<\/strong><\/p>\n\n\n\n<p><strong>Salvador Mu\u00f1oz<\/strong><\/p>\n\n\n\n<p>\u00bfQu\u00e9 pasar\u00eda si de \u00faltima hora, entra una pluri m\u00e1s de otro partido que no est\u00e1 contemplado en el escenario pol\u00edtico inmediato que nos arroja el OPLE tras los resultados del pasado junio? La l\u00f3gica implicar\u00eda que este espacio tendr\u00eda que ser ocupado por una mujer, digo, no soy doctor en Derecho ni en Chueco Electoral\u2026 s\u00f3lo estoy haciendo una suposici\u00f3n.<\/p>\n\n\n\n<p>La siguiente pregunta obligada ser\u00eda: \u00bfDe qu\u00e9 otro partido tendr\u00eda que ser? \u00a1Pues de Redes Sociales Progresistas!<\/p>\n\n\n\n<p>La otra pregunta obligada es: \u00bfNo perdi\u00f3 su registro como Todos Por Veracruz, Partido Encuentro Solidario, Unidad Ciudadana, Cardenista y Podemos que no pudo?<\/p>\n\n\n\n<p>S\u00ed, al menos es lo que el OPLE Veracruz nos expone en sus resultados.<\/p>\n\n\n\n<p>El asunto es que a diferencia del resto de los partidos \u201cchiquitos\u201d (por as\u00ed decirlo), Redes Sociales Progresistas est\u00e1 a nada de alcanzar el 3 por ciento que no s\u00f3lo le dar\u00eda vida como Partido Pol\u00edtico, sino que le alcanzar\u00eda incluso hasta para meter una plurinominal.<\/p>\n\n\n\n<p>Por supuesto que para que se d\u00e9 ese milagro, Redes Sociales tiene que \u201cganar\u201d una serie de impugnaciones en diversos ayuntamientos y distritos donde pone en tela de juicio la pulcritud, limpieza y transparencia de los resultados.<\/p>\n\n\n\n<p>La otra cuesti\u00f3n llevar\u00eda a preguntarnos c\u00f3mo Redes Sociales sacar\u00eda ese .8 por ciento que es lo que le falta para alcanzar su anhelado 3%&#8230;<\/p>\n\n\n\n<p>Si Redes Sociales en sus impugnaciones, logra demostrar que tiene m\u00e1s votos de lo que se cont\u00f3 en ayuntamientos o distritos locales, puede subir su porcentaje con una condici\u00f3n: que no altere el resultado final porque ello podr\u00eda obligar a que hubiera otra vez elecciones y eso no es lo que al parecer, se pretende.<\/p>\n\n\n\n<p>Claro que este p\u00e1rrafo anterior es s\u00f3lo la pretensi\u00f3n o el deseo que pudiera haber en este partido que se quiera o no, tiene esta posibilidad.<\/p>\n\n\n\n<p>Hay que esperar que el Tribunal Electoral analice y resuelva las impugnaciones que Redes Sociales Progresistas ha hecho para que se vea si la Ley favorece al partido de Antonio Lagunes Toral y si con su resultado le suma los n\u00fameros que requiere para alcanzar el porcentaje requerido, lo que arrojar\u00eda un triunfo por partida doble: ganar una curul y seguir vivo como partido pol\u00edtico\u2026 tiempo, todav\u00eda lo hay para que los abogados de Redes Sociales aporten lo que sea necesario.<\/p>\n\n\n\n<p>Por supuesto, si acaso lograra ese 3 por ciento, otra gran pregunta ser\u00eda qu\u00e9 partido es el que perder\u00eda una pluri y de eso creo que depende en d\u00f3nde y contra qu\u00e9 partido son las impugnaciones, aunque imagine que en un momento dado, los resultados le bajaran porcentaje a un PVEM, por citar un ejemplo\u2026 \u00bfhabr\u00eda alteraci\u00f3n en las proyecciones para que entre otro pluri, en este caso var\u00f3n? Pregunto.<\/p>\n\n\n\n<p>Ah, y por si lo est\u00e1n pensando: si se diera todo esto, Reina Margarita Dom\u00ednguez Rasc\u00f3n, coordinadora estatal de Redes Sociales ser\u00eda la Diputada Plurinominal.&nbsp;<\/p>\n\n\n\n<p><a href=\"mailto:smcainito@gmail.com\" target=\"_blank\" rel=\"noreferrer noopener\">smcainito@gmail.com<\/a><\/p>\n","protected":false},"excerpt":{"rendered":"<p>Los Pol\u00edticos Salvador Mu\u00f1oz \u00bfQu\u00e9 pasar\u00eda si de \u00faltima hora, entra una pluri m\u00e1s de otro partido que no est\u00e1 contemplado en el escenario pol\u00edtico inmediato que nos arroja el OPLE tras los resultados del pasado junio? La l\u00f3gica implicar\u00eda que este espacio tendr\u00eda que ser ocupado por una mujer, digo, no soy doctor en [&hellip;]<\/p>\n","protected":false},"author":1,"featured_media":70,"comment_status":"open","ping_status":"open","sticky":false,"template":"","format":"standard","meta":{"_jetpack_memberships_contains_paid_content":false,"footnotes":""},"categories":[11],"tags":[],"class_list":["post-16571","post","type-post","status-publish","format-standard","has-post-thumbnail","hentry","category-opinion"],"jetpack_featured_media_url":"https:\/\/encuentroinformativo.com.mx\/wp-content\/uploads\/2020\/02\/opinion-invitado.jpg","jetpack_sharing_enabled":true,"jetpack_likes_enabled":true,"amp_enabled":true,"_links":{"self":[{"href":"https:\/\/encuentroinformativo.com.mx\/index.php?rest_route=\/wp\/v2\/posts\/16571","targetHints":{"allow":["GET"]}}],"collection":[{"href":"https:\/\/encuentroinformativo.com.mx\/index.php?rest_route=\/wp\/v2\/posts"}],"about":[{"href":"https:\/\/encuentroinformativo.com.mx\/index.php?rest_route=\/wp\/v2\/types\/post"}],"author":[{"embeddable":true,"href":"https:\/\/encuentroinformativo.com.mx\/index.php?rest_route=\/wp\/v2\/users\/1"}],"replies":[{"embeddable":true,"href":"https:\/\/encuentroinformativo.com.mx\/index.php?rest_route=%2Fwp%2Fv2%2Fcomments&post=16571"}],"version-history":[{"count":1,"href":"https:\/\/encuentroinformativo.com.mx\/index.php?rest_route=\/wp\/v2\/posts\/16571\/revisions"}],"predecessor-version":[{"id":16572,"href":"https:\/\/encuentroinformativo.com.mx\/index.php?rest_route=\/wp\/v2\/posts\/16571\/revisions\/16572"}],"wp:featuredmedia":[{"embeddable":true,"href":"https:\/\/encuentroinformativo.com.mx\/index.php?rest_route=\/wp\/v2\/media\/70"}],"wp:attachment":[{"href":"https:\/\/encuentroinformativo.com.mx\/index.php?rest_route=%2Fwp%2Fv2%2Fmedia&parent=16571"}],"wp:term":[{"taxonomy":"category","embeddable":true,"href":"https:\/\/encuentroinformativo.com.mx\/index.php?rest_route=%2Fwp%2Fv2%2Fcategories&post=16571"},{"taxonomy":"post_tag","embeddable":true,"href":"https:\/\/encuentroinformativo.com.mx\/index.php?rest_route=%2Fwp%2Fv2%2Ftags&post=16571"}],"curies":[{"name":"wp","href":"https:\/\/api.w.org\/{rel}","templated":true}]}}