{"id":16576,"date":"2021-07-19T09:42:49","date_gmt":"2021-07-19T14:42:49","guid":{"rendered":"https:\/\/encuentroinformativo.com.mx\/?p=16576"},"modified":"2021-07-19T09:49:58","modified_gmt":"2021-07-19T14:49:58","slug":"empresa-en-poza-rica-sigue-sin-remediar-terreno-de-relleno-sanitario","status":"publish","type":"post","link":"https:\/\/encuentroinformativo.com.mx\/?p=16576","title":{"rendered":"Empresa en Poza Rica sigue sin remediar  terreno de Relleno Sanitario"},"content":{"rendered":"\n<p><strong>Alejandro \u00c1vila<\/strong><\/p>\n\n\n\n<p>Poza Rica, Ver. \u2013 La regidora del Ayuntamiento de Poza Rica, Gregoria Miguel Reyes, denunci\u00f3 que la empresa Promotora Ambiental de Laguna S.A de C.V. (PASA), todav\u00eda no ha realizado las acciones de remediaci\u00f3n ambiental, en el espacio donde se encontraba el Relleno Sanitario de la ciudad.<\/p>\n\n\n\n<p>Cabe se\u00f1alar que existe una orden de remediaci\u00f3n hecha por la Procuradur\u00eda de Medio Ambiente; aunque se\u00f1ala la edil, es la fecha en que la empresa no ha informado al Ayuntamiento de que manera realizar\u00e1 tales trabajos.<\/p>\n\n\n\n<p>Es por ello que la regidora mencion\u00f3 que buscar\u00e1 exista a la brevedad, una reuni\u00f3n entre los representantes de la empresa y personal del Ayuntamiento, para que se de detalle de las acciones a seguir, pues desean evitar alguna sanci\u00f3n de la PMA.<\/p>\n\n\n\n<p>Se puntualiz\u00f3 que la empresa tiene la obligaci\u00f3n de realizar acciones de saneamiento en el terreno que ocupo como relleno sanitario; el cual, aclaran, cerr\u00f3 operaciones definitivamente en enero pasado, debido al desequilibrio ecol\u00f3gico causado durante los \u00faltimos 12 a\u00f1os.<\/p>\n\n\n\n<p>\u201cCon el mecanismo de clausura implica medidas de remediaci\u00f3n como reforestaci\u00f3n y compactaci\u00f3n, para que despu\u00e9s de la clausura no se genere un impacto negativo al medio ambiente\u201d, dijo la edil se\u00f1ala el documento que les entreg\u00f3 la PMA.<\/p>\n\n\n\n<p>La Procuradur\u00eda Medio Ambiente realiz\u00f3 un an\u00e1lisis del lugar a inicios de a\u00f1o, quedando clausurado en el mismo mes de enero, tras detectar irregularidades en la gesti\u00f3n de residuos org\u00e1nicos e inorg\u00e1nicos; as\u00ed como contravenir a las leyes, reglamentos y normas en materia ambiental vigentes en el Estado.<\/p>\n","protected":false},"excerpt":{"rendered":"<p>Alejandro \u00c1vila Poza Rica, Ver. \u2013 La regidora del Ayuntamiento de Poza Rica, Gregoria Miguel Reyes, denunci\u00f3 que la empresa Promotora Ambiental de Laguna S.A de C.V. (PASA), todav\u00eda no ha realizado las acciones de remediaci\u00f3n ambiental, en el espacio donde se encontraba el Relleno Sanitario de la ciudad. Cabe se\u00f1alar que existe una orden [&hellip;]<\/p>\n","protected":false},"author":1,"featured_media":16577,"comment_status":"open","ping_status":"open","sticky":false,"template":"","format":"standard","meta":{"_jetpack_memberships_contains_paid_content":false,"footnotes":""},"categories":[2],"tags":[],"class_list":["post-16576","post","type-post","status-publish","format-standard","has-post-thumbnail","hentry","category-estado"],"jetpack_featured_media_url":"https:\/\/encuentroinformativo.com.mx\/wp-content\/uploads\/2021\/07\/E180332D-B9FF-4BA8-9259-94529537B0C4.jpeg","jetpack_sharing_enabled":true,"jetpack_likes_enabled":true,"amp_enabled":true,"_links":{"self":[{"href":"https:\/\/encuentroinformativo.com.mx\/index.php?rest_route=\/wp\/v2\/posts\/16576","targetHints":{"allow":["GET"]}}],"collection":[{"href":"https:\/\/encuentroinformativo.com.mx\/index.php?rest_route=\/wp\/v2\/posts"}],"about":[{"href":"https:\/\/encuentroinformativo.com.mx\/index.php?rest_route=\/wp\/v2\/types\/post"}],"author":[{"embeddable":true,"href":"https:\/\/encuentroinformativo.com.mx\/index.php?rest_route=\/wp\/v2\/users\/1"}],"replies":[{"embeddable":true,"href":"https:\/\/encuentroinformativo.com.mx\/index.php?rest_route=%2Fwp%2Fv2%2Fcomments&post=16576"}],"version-history":[{"count":2,"href":"https:\/\/encuentroinformativo.com.mx\/index.php?rest_route=\/wp\/v2\/posts\/16576\/revisions"}],"predecessor-version":[{"id":16579,"href":"https:\/\/encuentroinformativo.com.mx\/index.php?rest_route=\/wp\/v2\/posts\/16576\/revisions\/16579"}],"wp:featuredmedia":[{"embeddable":true,"href":"https:\/\/encuentroinformativo.com.mx\/index.php?rest_route=\/wp\/v2\/media\/16577"}],"wp:attachment":[{"href":"https:\/\/encuentroinformativo.com.mx\/index.php?rest_route=%2Fwp%2Fv2%2Fmedia&parent=16576"}],"wp:term":[{"taxonomy":"category","embeddable":true,"href":"https:\/\/encuentroinformativo.com.mx\/index.php?rest_route=%2Fwp%2Fv2%2Fcategories&post=16576"},{"taxonomy":"post_tag","embeddable":true,"href":"https:\/\/encuentroinformativo.com.mx\/index.php?rest_route=%2Fwp%2Fv2%2Ftags&post=16576"}],"curies":[{"name":"wp","href":"https:\/\/api.w.org\/{rel}","templated":true}]}}