{"id":16580,"date":"2021-07-19T09:56:50","date_gmt":"2021-07-19T14:56:50","guid":{"rendered":"https:\/\/encuentroinformativo.com.mx\/?p=16580"},"modified":"2021-07-19T09:56:55","modified_gmt":"2021-07-19T14:56:55","slug":"turistas-murieron-ahogados-en-tecolutla","status":"publish","type":"post","link":"https:\/\/encuentroinformativo.com.mx\/?p=16580","title":{"rendered":"Turistas murieron ahogados en Tecolutla"},"content":{"rendered":"\n<p><strong>*Rescatan a cuatro personas y dos pierden la vida,  ven\u00edan en tour para conocer el mar.<\/strong><\/p>\n\n\n\n<p><strong>Alejandro \u00c1vila<\/strong><\/p>\n\n\n\n<p>Tecolutla, Ver. \u2013 Dos personas perdieron la vida tras ahogarse en las playas de Costa Esmeralda en el municipio de Tecolutla, cuatro personas m\u00e1s fueron rescatadas por los guardavidas de la zona; todos ellos eran parte de un tour que visitaba el lugar desde distintos puntos del pa\u00eds.<\/p>\n\n\n\n<p>Los hechos ocurrieron este domingo alrededor de las 14 horas, cerca del hotel \u201cLa Roca\u201d. Los ba\u00f1istas fueron arrastrados por la corriente hacia dentro del mar y alcanzaron a pedir ayuda, aunque lamentablemente, dos de ellos no salieron con vida.<\/p>\n\n\n\n<p>Los guardavidas de la zona de Casitas fueron quienes realizaron el rescate, y fueron auxiliados r\u00e1pidamente por el Escuadr\u00f3n Nacional de Rescate, delegaci\u00f3n San Rafael; as\u00ed como por personal de Protecci\u00f3n Civil de Tecolutla y Protecci\u00f3n Civil de Gobierno del Estado.<\/p>\n\n\n\n<p>Alonso Caba\u00f1as Jim\u00e9nez de 23 a\u00f1os de edad, originario de Hidalgo; Elizabeth Itzel Calder\u00f3n S\u00e1nchez de 31 a\u00f1os de edad, de San Salvador Atenco en el Estado de M\u00e9xico; una menor de edad identificada con las siglas Y. M. C. de 14 a\u00f1os de edad, originaria del Estado de M\u00e9xico; y V\u00edctor Manuel Grijalva de 28 a\u00f1os, originario del Estado de Hidalgo, fueron las personas rescatadas.<\/p>\n\n\n\n<p>Mientras que Zaira Hern\u00e1ndez de 26 a\u00f1os de edad, originaria de la Ciudad de M\u00e9xico y de oficio M\u00e9dico Militar; adem\u00e1s de Axel Jonathan Rojas de 35, originario del Estado de M\u00e9xico y de oficio comerciante, son las dos personas que fallecieron en el lugar.<\/p>\n\n\n\n<p>La zona fue acordonada por personal de la Polic\u00eda Municipal solicitando el apoyo de Servicios Periciales y de Polic\u00eda Ministerial para realizar el levantamiento de los cad\u00e1veres y posterior traslado al Servicio de Medicina Forense para las diligencias de ley.<\/p>\n\n\n\n<figure class=\"wp-block-image size-large\"><img loading=\"lazy\" decoding=\"async\" width=\"1024\" height=\"720\" src=\"https:\/\/encuentroinformativo.com.mx\/wp-content\/uploads\/2021\/07\/F8F381BA-D806-4B29-A09C-0DD57388E76F-1024x720.jpeg\" alt=\"\" class=\"wp-image-16582\" srcset=\"https:\/\/encuentroinformativo.com.mx\/wp-content\/uploads\/2021\/07\/F8F381BA-D806-4B29-A09C-0DD57388E76F-1024x720.jpeg 1024w, https:\/\/encuentroinformativo.com.mx\/wp-content\/uploads\/2021\/07\/F8F381BA-D806-4B29-A09C-0DD57388E76F-300x211.jpeg 300w, https:\/\/encuentroinformativo.com.mx\/wp-content\/uploads\/2021\/07\/F8F381BA-D806-4B29-A09C-0DD57388E76F-768x540.jpeg 768w, https:\/\/encuentroinformativo.com.mx\/wp-content\/uploads\/2021\/07\/F8F381BA-D806-4B29-A09C-0DD57388E76F.jpeg 1200w\" sizes=\"auto, (max-width: 1024px) 100vw, 1024px\" \/><\/figure>\n","protected":false},"excerpt":{"rendered":"<p>*Rescatan a cuatro personas y dos pierden la vida, ven\u00edan en tour para conocer el mar. Alejandro \u00c1vila Tecolutla, Ver. \u2013 Dos personas perdieron la vida tras ahogarse en las playas de Costa Esmeralda en el municipio de Tecolutla, cuatro personas m\u00e1s fueron rescatadas por los guardavidas de la zona; todos ellos eran parte de [&hellip;]<\/p>\n","protected":false},"author":1,"featured_media":16581,"comment_status":"open","ping_status":"open","sticky":false,"template":"","format":"standard","meta":{"_jetpack_memberships_contains_paid_content":false,"footnotes":""},"categories":[14],"tags":[],"class_list":["post-16580","post","type-post","status-publish","format-standard","has-post-thumbnail","hentry","category-policiaca"],"jetpack_featured_media_url":"https:\/\/encuentroinformativo.com.mx\/wp-content\/uploads\/2021\/07\/1E464380-7804-45AB-933E-CAE015ECAF81.jpeg","jetpack_sharing_enabled":true,"jetpack_likes_enabled":true,"amp_enabled":true,"_links":{"self":[{"href":"https:\/\/encuentroinformativo.com.mx\/index.php?rest_route=\/wp\/v2\/posts\/16580","targetHints":{"allow":["GET"]}}],"collection":[{"href":"https:\/\/encuentroinformativo.com.mx\/index.php?rest_route=\/wp\/v2\/posts"}],"about":[{"href":"https:\/\/encuentroinformativo.com.mx\/index.php?rest_route=\/wp\/v2\/types\/post"}],"author":[{"embeddable":true,"href":"https:\/\/encuentroinformativo.com.mx\/index.php?rest_route=\/wp\/v2\/users\/1"}],"replies":[{"embeddable":true,"href":"https:\/\/encuentroinformativo.com.mx\/index.php?rest_route=%2Fwp%2Fv2%2Fcomments&post=16580"}],"version-history":[{"count":1,"href":"https:\/\/encuentroinformativo.com.mx\/index.php?rest_route=\/wp\/v2\/posts\/16580\/revisions"}],"predecessor-version":[{"id":16583,"href":"https:\/\/encuentroinformativo.com.mx\/index.php?rest_route=\/wp\/v2\/posts\/16580\/revisions\/16583"}],"wp:featuredmedia":[{"embeddable":true,"href":"https:\/\/encuentroinformativo.com.mx\/index.php?rest_route=\/wp\/v2\/media\/16581"}],"wp:attachment":[{"href":"https:\/\/encuentroinformativo.com.mx\/index.php?rest_route=%2Fwp%2Fv2%2Fmedia&parent=16580"}],"wp:term":[{"taxonomy":"category","embeddable":true,"href":"https:\/\/encuentroinformativo.com.mx\/index.php?rest_route=%2Fwp%2Fv2%2Fcategories&post=16580"},{"taxonomy":"post_tag","embeddable":true,"href":"https:\/\/encuentroinformativo.com.mx\/index.php?rest_route=%2Fwp%2Fv2%2Ftags&post=16580"}],"curies":[{"name":"wp","href":"https:\/\/api.w.org\/{rel}","templated":true}]}}