{"id":16584,"date":"2021-07-19T10:27:54","date_gmt":"2021-07-19T15:27:54","guid":{"rendered":"https:\/\/encuentroinformativo.com.mx\/?p=16584"},"modified":"2021-07-19T10:28:24","modified_gmt":"2021-07-19T15:28:24","slug":"crece-percepcion-de-desconfianza-en-gobernadores-segun-encuesta","status":"publish","type":"post","link":"https:\/\/encuentroinformativo.com.mx\/?p=16584","title":{"rendered":"Crece percepci\u00f3n de desconfianza en gobernadores, seg\u00fan encuesta"},"content":{"rendered":"\n<p><strong>Alejandro \u00c1vila<\/strong><\/p>\n\n\n\n<p>Veracruz, Ver. \u2013 El gobernador de Veracruz, Cuitl\u00e1huac Garc\u00eda Jim\u00e9nez, se encuentra en el lugar 27 con 21.5 por ciento, como uno de los mandatarios estatales que le genera menor confianza a sus gobernados.<\/p>\n\n\n\n<p>En la encuesta mensual, fechada el 11 de julio del presente a\u00f1o y realizada por la empresa Massive Caller, Garc\u00eda Jim\u00e9nez solo es superado por Francisco Garc\u00eda de Tamaulipas; Silvano Aureoles de Michoac\u00e1n; Jaime Rodr\u00edguez Calder\u00f3n de Nuevo Le\u00f3n; Carlos Aysa Gonz\u00e1lez de Campeche; y Juan Manuel Carreras de San Luis Potos\u00ed.<\/p>\n\n\n\n<p>En cuanto a la aprobaci\u00f3n, no se encuentra tan lejos del \u201ctop ten\u201d, tan solo 3.1 por ciento lo separan del entrar al selecto grupo de los diez; pues se ubica en el lugar n\u00famero 12 con 42.1 por ciento; una situaci\u00f3n que afecta, es que seg\u00fan la casa encuestadora, el Estado de Veracruz est\u00e1 en el lugar 28 de 32, como una de las entidades con mayor percepci\u00f3n de inseguridad, con el 47.7 por ciento.<\/p>\n\n\n\n<p>Esta encuesta mensual, tambi\u00e9n se le hace para los alcaldes del pa\u00eds y solo dos del Estado de Veracruz figuran entre los 212.<\/p>\n\n\n\n<p>El alcalde de Veracruz, Fernando Yunes M\u00e1rquez, quien est\u00e1 posicionado como uno de los 20 con mayor aprobaci\u00f3n en todo el pa\u00eds con un 40.1 por ciento, de m\u00e1s de 2 mil 400 presidentes municipales.<\/p>\n\n\n\n<p>Finalmente, Hip\u00f3lito Rodr\u00edguez Herero se coloca en el lugar n\u00famero de 18, pues Xalapa est\u00e1 considera a nivel nacional como uno de los municipios con menor percepci\u00f3n de inseguridad con el 27.4 por ciento.<\/p>\n","protected":false},"excerpt":{"rendered":"<p>Alejandro \u00c1vila Veracruz, Ver. \u2013 El gobernador de Veracruz, Cuitl\u00e1huac Garc\u00eda Jim\u00e9nez, se encuentra en el lugar 27 con 21.5 por ciento, como uno de los mandatarios estatales que le genera menor confianza a sus gobernados. En la encuesta mensual, fechada el 11 de julio del presente a\u00f1o y realizada por la empresa Massive Caller, [&hellip;]<\/p>\n","protected":false},"author":1,"featured_media":16585,"comment_status":"open","ping_status":"open","sticky":false,"template":"","format":"standard","meta":{"_jetpack_memberships_contains_paid_content":false,"footnotes":""},"categories":[2],"tags":[],"class_list":["post-16584","post","type-post","status-publish","format-standard","has-post-thumbnail","hentry","category-estado"],"jetpack_featured_media_url":"https:\/\/encuentroinformativo.com.mx\/wp-content\/uploads\/2021\/07\/D8EDA910-6C7E-4B02-998D-CD6F8D82DD2B.jpeg","jetpack_sharing_enabled":true,"jetpack_likes_enabled":true,"amp_enabled":true,"_links":{"self":[{"href":"https:\/\/encuentroinformativo.com.mx\/index.php?rest_route=\/wp\/v2\/posts\/16584","targetHints":{"allow":["GET"]}}],"collection":[{"href":"https:\/\/encuentroinformativo.com.mx\/index.php?rest_route=\/wp\/v2\/posts"}],"about":[{"href":"https:\/\/encuentroinformativo.com.mx\/index.php?rest_route=\/wp\/v2\/types\/post"}],"author":[{"embeddable":true,"href":"https:\/\/encuentroinformativo.com.mx\/index.php?rest_route=\/wp\/v2\/users\/1"}],"replies":[{"embeddable":true,"href":"https:\/\/encuentroinformativo.com.mx\/index.php?rest_route=%2Fwp%2Fv2%2Fcomments&post=16584"}],"version-history":[{"count":1,"href":"https:\/\/encuentroinformativo.com.mx\/index.php?rest_route=\/wp\/v2\/posts\/16584\/revisions"}],"predecessor-version":[{"id":16586,"href":"https:\/\/encuentroinformativo.com.mx\/index.php?rest_route=\/wp\/v2\/posts\/16584\/revisions\/16586"}],"wp:featuredmedia":[{"embeddable":true,"href":"https:\/\/encuentroinformativo.com.mx\/index.php?rest_route=\/wp\/v2\/media\/16585"}],"wp:attachment":[{"href":"https:\/\/encuentroinformativo.com.mx\/index.php?rest_route=%2Fwp%2Fv2%2Fmedia&parent=16584"}],"wp:term":[{"taxonomy":"category","embeddable":true,"href":"https:\/\/encuentroinformativo.com.mx\/index.php?rest_route=%2Fwp%2Fv2%2Fcategories&post=16584"},{"taxonomy":"post_tag","embeddable":true,"href":"https:\/\/encuentroinformativo.com.mx\/index.php?rest_route=%2Fwp%2Fv2%2Ftags&post=16584"}],"curies":[{"name":"wp","href":"https:\/\/api.w.org\/{rel}","templated":true}]}}