{"id":16587,"date":"2021-07-19T10:37:18","date_gmt":"2021-07-19T15:37:18","guid":{"rendered":"https:\/\/encuentroinformativo.com.mx\/?p=16587"},"modified":"2021-07-19T10:37:23","modified_gmt":"2021-07-19T15:37:23","slug":"extrabajador-reclama-reinstalacion-lo-despidieron-al-enfermar-de-covid","status":"publish","type":"post","link":"https:\/\/encuentroinformativo.com.mx\/?p=16587","title":{"rendered":"Extrabajador reclama reinstalaci\u00f3n, lo despidieron al enfermar de COVID"},"content":{"rendered":"\n<p><strong>Juan Arcos<\/strong><\/p>\n\n\n\n<p>Xalapa, Ver.- Francisco Espinoza Ram\u00edrez, extrabajador de la delegaci\u00f3n del ISSSTE en Xalapa, protest\u00f3 afuera de las oficinas de la Secretar\u00eda de Salud de Veracruz (Sesver) para denunciar que fue despedido durante su incapacidad por SARS-COV-2 (COVID-19).<\/p>\n\n\n\n<p>El se\u00f1or, quien se desempe\u00f1aba como chofer, colg\u00f3 una lona afuera de la dependencia estatal, donde pidi\u00f3 su reinstalaci\u00f3n inmediata, toda vez que fue despedido cuando se encontraba luchando contra dicha enfermedad mortal.<\/p>\n\n\n\n<p>\u201cTengo los justificantes que me dio el ISSSTE, me levantaron un acta administrativa cuando ellos sab\u00edan que ten\u00eda el COVID\u201d, expres\u00f3 el afectado.<\/p>\n\n\n\n<p>El entrevistado record\u00f3 que obtuvo la incapacidad en marzo pasado y el 9 de abril fue cesado, presuntamente por no presentar la documentaci\u00f3n que avalara su estado de salud.<\/p>\n\n\n\n<p>\u201cEl ISSSTE me entreg\u00f3 mi justificante m\u00e9dico y cuando lo recib\u00ed con la subdirectora de recursos humanos a entreg\u00e1rselo. Mi justificante m\u00e9dico dice extempor\u00e1neo, retroactivo\u201d.<\/p>\n\n\n\n<p>Enfatiz\u00f3 que aunque la documentaci\u00f3n tiene un efecto retroactivo, debido a su situaci\u00f3n de salud, las autoridades no lo hicieron v\u00e1lido, sin ninguna justificaci\u00f3n v\u00e1lida.\u00a0<\/p>\n\n\n\n<p>Espinoza Ram\u00edrez enfrenta una grave crisis financiera, ha empe\u00f1ado sus pertenencias y est\u00e1 a punto de perder su casa, pues tuvo que traspasarla.&nbsp;<\/p>\n\n\n\n<p>\u201cEs una injusticia que me est\u00e9n haciendo eso, yo traigo m\u00e1s de nueve papeletas de empe\u00f1o que no puedo solventar, mi casa estoy por perderla, tuve que traspasarla\u201d, indic\u00f3.<\/p>\n\n\n\n<p>En ese sentido, pidi\u00f3 la intervenci\u00f3n de autoridades estatales, federales, as\u00ed como de diputados locales y de la Comisi\u00f3n Nacional de Derechos Humanos (CNDH) para solucionar su despido injustificado por haber enfermedad de coronavirus.<\/p>\n","protected":false},"excerpt":{"rendered":"<p>Juan Arcos Xalapa, Ver.- Francisco Espinoza Ram\u00edrez, extrabajador de la delegaci\u00f3n del ISSSTE en Xalapa, protest\u00f3 afuera de las oficinas de la Secretar\u00eda de Salud de Veracruz (Sesver) para denunciar que fue despedido durante su incapacidad por SARS-COV-2 (COVID-19). El se\u00f1or, quien se desempe\u00f1aba como chofer, colg\u00f3 una lona afuera de la dependencia estatal, donde [&hellip;]<\/p>\n","protected":false},"author":1,"featured_media":16588,"comment_status":"open","ping_status":"open","sticky":false,"template":"","format":"standard","meta":{"_jetpack_memberships_contains_paid_content":false,"footnotes":""},"categories":[9],"tags":[],"class_list":["post-16587","post","type-post","status-publish","format-standard","has-post-thumbnail","hentry","category-salud"],"jetpack_featured_media_url":"https:\/\/encuentroinformativo.com.mx\/wp-content\/uploads\/2021\/07\/C8D3420F-B981-4D6D-89C6-FD8B56D17224.jpeg","jetpack_sharing_enabled":true,"jetpack_likes_enabled":true,"amp_enabled":true,"_links":{"self":[{"href":"https:\/\/encuentroinformativo.com.mx\/index.php?rest_route=\/wp\/v2\/posts\/16587","targetHints":{"allow":["GET"]}}],"collection":[{"href":"https:\/\/encuentroinformativo.com.mx\/index.php?rest_route=\/wp\/v2\/posts"}],"about":[{"href":"https:\/\/encuentroinformativo.com.mx\/index.php?rest_route=\/wp\/v2\/types\/post"}],"author":[{"embeddable":true,"href":"https:\/\/encuentroinformativo.com.mx\/index.php?rest_route=\/wp\/v2\/users\/1"}],"replies":[{"embeddable":true,"href":"https:\/\/encuentroinformativo.com.mx\/index.php?rest_route=%2Fwp%2Fv2%2Fcomments&post=16587"}],"version-history":[{"count":1,"href":"https:\/\/encuentroinformativo.com.mx\/index.php?rest_route=\/wp\/v2\/posts\/16587\/revisions"}],"predecessor-version":[{"id":16589,"href":"https:\/\/encuentroinformativo.com.mx\/index.php?rest_route=\/wp\/v2\/posts\/16587\/revisions\/16589"}],"wp:featuredmedia":[{"embeddable":true,"href":"https:\/\/encuentroinformativo.com.mx\/index.php?rest_route=\/wp\/v2\/media\/16588"}],"wp:attachment":[{"href":"https:\/\/encuentroinformativo.com.mx\/index.php?rest_route=%2Fwp%2Fv2%2Fmedia&parent=16587"}],"wp:term":[{"taxonomy":"category","embeddable":true,"href":"https:\/\/encuentroinformativo.com.mx\/index.php?rest_route=%2Fwp%2Fv2%2Fcategories&post=16587"},{"taxonomy":"post_tag","embeddable":true,"href":"https:\/\/encuentroinformativo.com.mx\/index.php?rest_route=%2Fwp%2Fv2%2Ftags&post=16587"}],"curies":[{"name":"wp","href":"https:\/\/api.w.org\/{rel}","templated":true}]}}