{"id":16597,"date":"2021-07-19T13:44:54","date_gmt":"2021-07-19T18:44:54","guid":{"rendered":"https:\/\/encuentroinformativo.com.mx\/?p=16597"},"modified":"2021-07-19T13:44:58","modified_gmt":"2021-07-19T18:44:58","slug":"sin-contratiempos-vacunacion-a-treintaneros","status":"publish","type":"post","link":"https:\/\/encuentroinformativo.com.mx\/?p=16597","title":{"rendered":"Sin contratiempos vacunaci\u00f3n a treinta\u00f1eros"},"content":{"rendered":"\n<p><strong>Juan Arcos<\/strong><\/p>\n\n\n\n<p>Xalapa, Ver.- El proceso para la aplicaci\u00f3n de la vacuna contra SARS-COV-2 (COVID-19) a personas de 30 a 39 a\u00f1os se llev\u00f3 a cabo en Xalapa sin contratiempos y con buena organizaci\u00f3n, garantizando que cada paciente tardara poco m\u00e1s de una hora.<\/p>\n\n\n\n<p>As\u00ed lo consideraron algunos j\u00f3venes que acudieron alrededor de las 10:00 horas, al m\u00f3dulo de la escuela primaria Carlos A. Carrillo, ubicada sobre la avenida \u00c1vila Camacho casi esquina con la avenida Xalapa.<\/p>\n\n\n\n<p>Fue aplicada la primera dosis de la farmac\u00e9utica Sinovac, misma que no gener\u00f3 efectos secundarios en la mayor\u00eda de los presentes.<\/p>\n\n\n\n<p>De acuerdo con el estudiante Joaqu\u00edn Campos, la atenci\u00f3n por parte del personal de salud y de los servidores de la naci\u00f3n fue adecuada en todo momento.<\/p>\n\n\n\n<p>\u201cYo lo calificar\u00eda con un diez (el proceso de vacunaci\u00f3n), no mejorar\u00eda nada. Lo califico bien, me atendieron bien y todo eso\u201d, expres\u00f3.<\/p>\n\n\n\n<p>El joven sali\u00f3 poco despu\u00e9s de las 11:00 horas del recinto educativo que fue habilitado como una de las seis sedes de vacunaci\u00f3n en la capital del estado.<\/p>\n\n\n\n<p>Por su parte, el comerciante Juan Carlos Cabrera Gonz\u00e1lez coincidi\u00f3 en que la aplicaci\u00f3n de esta vacuna fue r\u00e1pida y en que no tuvo efectos secundarios.<\/p>\n\n\n\n<p>\u201cDecirle a la gente que no piense mal, es normal y hay que aprender a vivir con esto de la pandemia, hay que vacunarse, es lo primero\u201d, enfatiz\u00f3.<\/p>\n\n\n\n<p>Los \u201ctreinta\u00f1eros\u201d recibieron informaci\u00f3n por parte de los m\u00e9dicos sobre posibles efectos secundarios, como dolor de cabeza y cuerpo, y calentura.<\/p>\n\n\n\n<p>Adem\u00e1s, se les recomend\u00f3 evitar el consumo de bebidas alcoh\u00f3licas y productos naturistas durante las pr\u00f3ximas 36 horas.<\/p>\n\n\n\n<p>Cabe recordar que la vacunaci\u00f3n a personas de 30 a 39 a\u00f1os se llevar\u00eda a cabo en Xalapa, Veracruz, Coatzacoalcos y Poza Rica, del lunes 19 al viernes 23 de julio.<\/p>\n\n\n\n<p>Tan s\u00f3lo en la capital del estado se espera la presencia de 60 mil personas de dicho grupo de edad para la primera aplicaci\u00f3n de la dosis.<br>En esta ciudad tambi\u00e9n fueron habilitadas sedes en el Gimnasio Omega, Secundaria General n\u00famero 4 &#8220;David Alfaro Siqueiros&#8221;, la Secundaria T\u00e9cnica n\u00famero 97, en Torre El Olmo y en el Sal\u00f3n Ejidal de El Castillo.<\/p>\n","protected":false},"excerpt":{"rendered":"<p>Juan Arcos Xalapa, Ver.- El proceso para la aplicaci\u00f3n de la vacuna contra SARS-COV-2 (COVID-19) a personas de 30 a 39 a\u00f1os se llev\u00f3 a cabo en Xalapa sin contratiempos y con buena organizaci\u00f3n, garantizando que cada paciente tardara poco m\u00e1s de una hora. As\u00ed lo consideraron algunos j\u00f3venes que acudieron alrededor de las 10:00 [&hellip;]<\/p>\n","protected":false},"author":1,"featured_media":16598,"comment_status":"open","ping_status":"open","sticky":false,"template":"","format":"standard","meta":{"_jetpack_memberships_contains_paid_content":false,"footnotes":""},"categories":[9],"tags":[],"class_list":["post-16597","post","type-post","status-publish","format-standard","has-post-thumbnail","hentry","category-salud"],"jetpack_featured_media_url":"https:\/\/encuentroinformativo.com.mx\/wp-content\/uploads\/2021\/07\/B257CA5F-140D-4521-8B4A-F7CAEEE7C600.jpeg","jetpack_sharing_enabled":true,"jetpack_likes_enabled":true,"amp_enabled":true,"_links":{"self":[{"href":"https:\/\/encuentroinformativo.com.mx\/index.php?rest_route=\/wp\/v2\/posts\/16597","targetHints":{"allow":["GET"]}}],"collection":[{"href":"https:\/\/encuentroinformativo.com.mx\/index.php?rest_route=\/wp\/v2\/posts"}],"about":[{"href":"https:\/\/encuentroinformativo.com.mx\/index.php?rest_route=\/wp\/v2\/types\/post"}],"author":[{"embeddable":true,"href":"https:\/\/encuentroinformativo.com.mx\/index.php?rest_route=\/wp\/v2\/users\/1"}],"replies":[{"embeddable":true,"href":"https:\/\/encuentroinformativo.com.mx\/index.php?rest_route=%2Fwp%2Fv2%2Fcomments&post=16597"}],"version-history":[{"count":1,"href":"https:\/\/encuentroinformativo.com.mx\/index.php?rest_route=\/wp\/v2\/posts\/16597\/revisions"}],"predecessor-version":[{"id":16599,"href":"https:\/\/encuentroinformativo.com.mx\/index.php?rest_route=\/wp\/v2\/posts\/16597\/revisions\/16599"}],"wp:featuredmedia":[{"embeddable":true,"href":"https:\/\/encuentroinformativo.com.mx\/index.php?rest_route=\/wp\/v2\/media\/16598"}],"wp:attachment":[{"href":"https:\/\/encuentroinformativo.com.mx\/index.php?rest_route=%2Fwp%2Fv2%2Fmedia&parent=16597"}],"wp:term":[{"taxonomy":"category","embeddable":true,"href":"https:\/\/encuentroinformativo.com.mx\/index.php?rest_route=%2Fwp%2Fv2%2Fcategories&post=16597"},{"taxonomy":"post_tag","embeddable":true,"href":"https:\/\/encuentroinformativo.com.mx\/index.php?rest_route=%2Fwp%2Fv2%2Ftags&post=16597"}],"curies":[{"name":"wp","href":"https:\/\/api.w.org\/{rel}","templated":true}]}}