{"id":16614,"date":"2021-07-19T16:30:07","date_gmt":"2021-07-19T21:30:07","guid":{"rendered":"https:\/\/encuentroinformativo.com.mx\/?p=16614"},"modified":"2021-07-19T16:30:11","modified_gmt":"2021-07-19T21:30:11","slug":"llegan-a-veracruz-300-mil-vacunas-para-aplicar-segundas-dosis","status":"publish","type":"post","link":"https:\/\/encuentroinformativo.com.mx\/?p=16614","title":{"rendered":"Llegan a Veracruz 300 mil vacunas para aplicar segundas dosis"},"content":{"rendered":"\n<p><strong>Alejandro \u00c1vila<\/strong><\/p>\n\n\n\n<p>Boca del R\u00edo, Ver.- El delegado de Gobierno Federal, Manuel Huerta Ladr\u00f3n de Guevara, inform\u00f3 que este lunes llegar\u00e1n a Veracruz m\u00e1s de 300 mil vacunas para aplicar segundas dosis a la poblaci\u00f3n 40 &#8211; 49; mientras que el sobrante se utilizar\u00e1 para avancar en otros municipios con la generaci\u00f3n 30 &#8211; 39.<\/p>\n\n\n\n<p>Aclar\u00f3 que se trata de f\u00f3rmulas de todos los laboratorios, pues se debe aplicar la misma que la primera vez, donde algunos recibieron Pfizer, Cansino, Sinovac o AstraZeneca.<\/p>\n\n\n\n<p>&#8220;El d\u00eda de hoy van a llegar m\u00e1s de 300 mil dosis de vacunas, que van a servir para aplicar segundas dosis, inclusive en ciudades como Veracruz, proximamente les anunciaremos, quiz\u00e1 desde la noche de hoy (\u2026) de todos los laboratorios vienen, porque cuando aplicamos segundas dosis, hay que recordar que tiene que ser sobre la misma que ya aplicamos&#8221;, puntualiz\u00f3.<\/p>\n\n\n\n<p>Manuel Huerta, dijo que la gente poco a poco a estado aceptando la vacuna, esto debido a la numeralia que se hace visible, donde se indica como ha ido bajando el \u00edndice de vulnerabilidad en las poblaciones vacunadas.<\/p>\n\n\n\n<p>En ese sentido, dijo que en muchos municipios solo se logr\u00f3 vacunar el 70 por ciento de adultos mayores en su momento, y al d\u00eda de hoy, el porcentaje en ciudades como Xalapa, es del 90 por ciento, y es algo que se est\u00e1 replicando en todos los municipios.<\/p>\n\n\n\n<p>Agreg\u00f3 que cualquier persona que ahora decida vacunarse, aunque ya haya pasado su fecha, ser\u00e1 recibido y se le aplicar\u00e1 la dosis correspondiente.<\/p>\n\n\n\n<p>Este lunes, inici\u00f3 la vacunaci\u00f3n de 30 &#8211; 39 a\u00f1os, donde la sede del estadio Luis &#8220;Pirata&#8221; Fuente, fue la m\u00e1s concurrida; en total, se estima vacunar a 77 mil personas de esta generaci\u00f3n en el Puerto de Veracruz.<\/p>\n\n\n\n<figure class=\"wp-block-image size-large\"><img loading=\"lazy\" decoding=\"async\" width=\"1024\" height=\"659\" src=\"https:\/\/encuentroinformativo.com.mx\/wp-content\/uploads\/2021\/07\/4D9201F3-1C74-43C4-982E-2E4286FA0D95-1024x659.jpeg\" alt=\"\" class=\"wp-image-16616\" srcset=\"https:\/\/encuentroinformativo.com.mx\/wp-content\/uploads\/2021\/07\/4D9201F3-1C74-43C4-982E-2E4286FA0D95-1024x659.jpeg 1024w, https:\/\/encuentroinformativo.com.mx\/wp-content\/uploads\/2021\/07\/4D9201F3-1C74-43C4-982E-2E4286FA0D95-300x193.jpeg 300w, https:\/\/encuentroinformativo.com.mx\/wp-content\/uploads\/2021\/07\/4D9201F3-1C74-43C4-982E-2E4286FA0D95-768x494.jpeg 768w, https:\/\/encuentroinformativo.com.mx\/wp-content\/uploads\/2021\/07\/4D9201F3-1C74-43C4-982E-2E4286FA0D95-1536x988.jpeg 1536w, https:\/\/encuentroinformativo.com.mx\/wp-content\/uploads\/2021\/07\/4D9201F3-1C74-43C4-982E-2E4286FA0D95.jpeg 1576w\" sizes=\"auto, (max-width: 1024px) 100vw, 1024px\" \/><\/figure>\n","protected":false},"excerpt":{"rendered":"<p>Alejandro \u00c1vila Boca del R\u00edo, Ver.- El delegado de Gobierno Federal, Manuel Huerta Ladr\u00f3n de Guevara, inform\u00f3 que este lunes llegar\u00e1n a Veracruz m\u00e1s de 300 mil vacunas para aplicar segundas dosis a la poblaci\u00f3n 40 &#8211; 49; mientras que el sobrante se utilizar\u00e1 para avancar en otros municipios con la generaci\u00f3n 30 &#8211; 39. [&hellip;]<\/p>\n","protected":false},"author":1,"featured_media":16615,"comment_status":"open","ping_status":"open","sticky":false,"template":"","format":"standard","meta":{"_jetpack_memberships_contains_paid_content":false,"footnotes":""},"categories":[9],"tags":[],"class_list":["post-16614","post","type-post","status-publish","format-standard","has-post-thumbnail","hentry","category-salud"],"jetpack_featured_media_url":"https:\/\/encuentroinformativo.com.mx\/wp-content\/uploads\/2021\/07\/C75AD388-7188-4ED7-9CCF-E1BA21FCA1DF.jpeg","jetpack_sharing_enabled":true,"jetpack_likes_enabled":true,"amp_enabled":true,"_links":{"self":[{"href":"https:\/\/encuentroinformativo.com.mx\/index.php?rest_route=\/wp\/v2\/posts\/16614","targetHints":{"allow":["GET"]}}],"collection":[{"href":"https:\/\/encuentroinformativo.com.mx\/index.php?rest_route=\/wp\/v2\/posts"}],"about":[{"href":"https:\/\/encuentroinformativo.com.mx\/index.php?rest_route=\/wp\/v2\/types\/post"}],"author":[{"embeddable":true,"href":"https:\/\/encuentroinformativo.com.mx\/index.php?rest_route=\/wp\/v2\/users\/1"}],"replies":[{"embeddable":true,"href":"https:\/\/encuentroinformativo.com.mx\/index.php?rest_route=%2Fwp%2Fv2%2Fcomments&post=16614"}],"version-history":[{"count":1,"href":"https:\/\/encuentroinformativo.com.mx\/index.php?rest_route=\/wp\/v2\/posts\/16614\/revisions"}],"predecessor-version":[{"id":16617,"href":"https:\/\/encuentroinformativo.com.mx\/index.php?rest_route=\/wp\/v2\/posts\/16614\/revisions\/16617"}],"wp:featuredmedia":[{"embeddable":true,"href":"https:\/\/encuentroinformativo.com.mx\/index.php?rest_route=\/wp\/v2\/media\/16615"}],"wp:attachment":[{"href":"https:\/\/encuentroinformativo.com.mx\/index.php?rest_route=%2Fwp%2Fv2%2Fmedia&parent=16614"}],"wp:term":[{"taxonomy":"category","embeddable":true,"href":"https:\/\/encuentroinformativo.com.mx\/index.php?rest_route=%2Fwp%2Fv2%2Fcategories&post=16614"},{"taxonomy":"post_tag","embeddable":true,"href":"https:\/\/encuentroinformativo.com.mx\/index.php?rest_route=%2Fwp%2Fv2%2Ftags&post=16614"}],"curies":[{"name":"wp","href":"https:\/\/api.w.org\/{rel}","templated":true}]}}