{"id":16618,"date":"2021-07-19T21:24:26","date_gmt":"2021-07-20T02:24:26","guid":{"rendered":"https:\/\/encuentroinformativo.com.mx\/?p=16618"},"modified":"2021-07-19T21:24:30","modified_gmt":"2021-07-20T02:24:30","slug":"en-riesgo-familias-de-colonia-libertad-culpan-a-cmas","status":"publish","type":"post","link":"https:\/\/encuentroinformativo.com.mx\/?p=16618","title":{"rendered":"En riesgo, familias de colonia Libertad; culpan a CMAS"},"content":{"rendered":"\n<p><strong>Juan Arcos<\/strong><\/p>\n\n\n\n<p>Xalapa, Ver.- Un total de 55 familias de la colonia Libertad, en esta ciudad capital, est\u00e1n siendo afectadas por los trabajos de pavimentaci\u00f3n en la calle Jos\u00e9 Cort\u00e9s Fr\u00edas.<\/p>\n\n\n\n<p>Se trata de los vecinos de la calle Jos\u00e9 Antonio Ariza, cuyas viviendas colindan con una escalinata de 55 metros que presenta da\u00f1os severos.<\/p>\n\n\n\n<p>De acuerdo con Julio Mendoza Cabrera, jefe de manzana de la mencionada calle, el pasado s\u00e1bado 17 de julio, debido a los trabajos de pavimentaci\u00f3n en la calle superior, se registr\u00f3 una sobrepresi\u00f3n en el tubo del drenaje, ocasionando que se da\u00f1ara en su totalidad.<\/p>\n\n\n\n<p>\u201cSe da\u00f1\u00f3 completamente, como pueden apreciar se hizo un socav\u00f3n y toda la carga de aguas negras y el lodo que tra\u00eda fueron a parar a la vialidad de nuestra calle\u201d.<\/p>\n\n\n\n<p>Los pobladores temen que las fuertes lluvias contin\u00faen socavando la escalinata y eso genere da\u00f1os a la estructura de las viviendas.\u00a0<br>Desde el a\u00f1o 2012, han entregado solicitudes formales al ayuntamiento de Xalapa para que realizara un estudio de mec\u00e1nica de suelos para conocer las condiciones de la tuber\u00eda hidr\u00e1ulica, agua potable y alcantarillado.<\/p>\n\n\n\n<p>\u201cTengo en mi poder videos de c\u00f3mo el agua fluye y se hizo un socav\u00f3n de aproximadamente dos metros abajo del nivel del escalinata\u201d.<\/p>\n\n\n\n<p>Por tal motivo, solicitaron a la Gerencia de Operaciones de la Comisi\u00f3n Municipal de Agua y Saneamiento (CMAS) que atienda el problema, pues, hasta el momento, solo les han \u201cdado largas\u201d.<\/p>\n\n\n\n<p>\u201cAhorita la empresa constructora se est\u00e1 haciendo responsable de la reparaci\u00f3n del da\u00f1o, pero esto va a ser nada m\u00e1s un curita (tiras adhesivas para cubrir alguna lesi\u00f3n), porque la obra consistir\u00eda en quitar 55 metros de escalera, poner la tuber\u00eda hidr\u00e1ulica, potable, y la tuber\u00eda de drenaje y volver a poner la escalinata, es un trabajo que le corresponde al ayuntamiento\u201d, a\u00f1adi\u00f3 el jefe de manzana.<\/p>\n\n\n\n<p>Los colonos amagaron con protestar este martes 20 de julio en las oficinas de CMAS, ubicadas sobre la avenida Miguel Alem\u00e1n.<\/p>\n\n\n\n<figure class=\"wp-block-image size-large\"><img loading=\"lazy\" decoding=\"async\" width=\"1024\" height=\"768\" src=\"https:\/\/encuentroinformativo.com.mx\/wp-content\/uploads\/2021\/07\/B399F270-23FC-42D7-AA21-3D8D65267893-1024x768.jpeg\" alt=\"\" class=\"wp-image-16620\" srcset=\"https:\/\/encuentroinformativo.com.mx\/wp-content\/uploads\/2021\/07\/B399F270-23FC-42D7-AA21-3D8D65267893-1024x768.jpeg 1024w, https:\/\/encuentroinformativo.com.mx\/wp-content\/uploads\/2021\/07\/B399F270-23FC-42D7-AA21-3D8D65267893-300x225.jpeg 300w, https:\/\/encuentroinformativo.com.mx\/wp-content\/uploads\/2021\/07\/B399F270-23FC-42D7-AA21-3D8D65267893-768x576.jpeg 768w, https:\/\/encuentroinformativo.com.mx\/wp-content\/uploads\/2021\/07\/B399F270-23FC-42D7-AA21-3D8D65267893-1536x1152.jpeg 1536w, https:\/\/encuentroinformativo.com.mx\/wp-content\/uploads\/2021\/07\/B399F270-23FC-42D7-AA21-3D8D65267893.jpeg 2016w\" sizes=\"auto, (max-width: 1024px) 100vw, 1024px\" \/><\/figure>\n","protected":false},"excerpt":{"rendered":"<p>Juan Arcos Xalapa, Ver.- Un total de 55 familias de la colonia Libertad, en esta ciudad capital, est\u00e1n siendo afectadas por los trabajos de pavimentaci\u00f3n en la calle Jos\u00e9 Cort\u00e9s Fr\u00edas. Se trata de los vecinos de la calle Jos\u00e9 Antonio Ariza, cuyas viviendas colindan con una escalinata de 55 metros que presenta da\u00f1os severos. [&hellip;]<\/p>\n","protected":false},"author":1,"featured_media":16619,"comment_status":"open","ping_status":"open","sticky":false,"template":"","format":"standard","meta":{"_jetpack_memberships_contains_paid_content":false,"footnotes":""},"categories":[3],"tags":[],"class_list":["post-16618","post","type-post","status-publish","format-standard","has-post-thumbnail","hentry","category-xalapa"],"jetpack_featured_media_url":"https:\/\/encuentroinformativo.com.mx\/wp-content\/uploads\/2021\/07\/5207CB1B-2631-49F7-A011-A5679CCA0DA1.jpeg","jetpack_sharing_enabled":true,"jetpack_likes_enabled":true,"amp_enabled":true,"_links":{"self":[{"href":"https:\/\/encuentroinformativo.com.mx\/index.php?rest_route=\/wp\/v2\/posts\/16618","targetHints":{"allow":["GET"]}}],"collection":[{"href":"https:\/\/encuentroinformativo.com.mx\/index.php?rest_route=\/wp\/v2\/posts"}],"about":[{"href":"https:\/\/encuentroinformativo.com.mx\/index.php?rest_route=\/wp\/v2\/types\/post"}],"author":[{"embeddable":true,"href":"https:\/\/encuentroinformativo.com.mx\/index.php?rest_route=\/wp\/v2\/users\/1"}],"replies":[{"embeddable":true,"href":"https:\/\/encuentroinformativo.com.mx\/index.php?rest_route=%2Fwp%2Fv2%2Fcomments&post=16618"}],"version-history":[{"count":1,"href":"https:\/\/encuentroinformativo.com.mx\/index.php?rest_route=\/wp\/v2\/posts\/16618\/revisions"}],"predecessor-version":[{"id":16621,"href":"https:\/\/encuentroinformativo.com.mx\/index.php?rest_route=\/wp\/v2\/posts\/16618\/revisions\/16621"}],"wp:featuredmedia":[{"embeddable":true,"href":"https:\/\/encuentroinformativo.com.mx\/index.php?rest_route=\/wp\/v2\/media\/16619"}],"wp:attachment":[{"href":"https:\/\/encuentroinformativo.com.mx\/index.php?rest_route=%2Fwp%2Fv2%2Fmedia&parent=16618"}],"wp:term":[{"taxonomy":"category","embeddable":true,"href":"https:\/\/encuentroinformativo.com.mx\/index.php?rest_route=%2Fwp%2Fv2%2Fcategories&post=16618"},{"taxonomy":"post_tag","embeddable":true,"href":"https:\/\/encuentroinformativo.com.mx\/index.php?rest_route=%2Fwp%2Fv2%2Ftags&post=16618"}],"curies":[{"name":"wp","href":"https:\/\/api.w.org\/{rel}","templated":true}]}}